{"id":30395,"date":"2026-09-04T14:29:18","date_gmt":"2026-09-04T17:29:18","guid":{"rendered":"https:\/\/www.jornalponto.com\/site\/?p=30395"},"modified":"2026-09-04T14:29:19","modified_gmt":"2026-09-04T17:29:19","slug":"mprj-denuncia-seis-pessoas-por-suposto-golpe-da-tinta-contra-casal-de-idosos-em-volta-redonda","status":"publish","type":"post","link":"https:\/\/www.jornalponto.com\/site\/2026\/09\/04\/mprj-denuncia-seis-pessoas-por-suposto-golpe-da-tinta-contra-casal-de-idosos-em-volta-redonda\/","title":{"rendered":"MPRJ denuncia seis pessoas por suposto \u201cgolpe da tinta\u201d contra casal de idosos em Volta Redonda"},"content":{"rendered":"\n<figure class=\"wp-block-image size-full\"><img alt=\"\" fetchpriority=\"high\" decoding=\"async\" width=\"800\" height=\"600\" src=\"https:\/\/www.jornalponto.com\/site\/wp-content\/uploads\/2026\/09\/GOLPE-DA-TINTA-VR.jpeg\" alt=\"\" class=\"wp-image-30396\" srcset=\"https:\/\/www.jornalponto.com\/site\/wp-content\/uploads\/2026\/09\/GOLPE-DA-TINTA-VR.jpeg 800w, https:\/\/www.jornalponto.com\/site\/wp-content\/uploads\/2026\/09\/GOLPE-DA-TINTA-VR-300x225.jpeg 300w, https:\/\/www.jornalponto.com\/site\/wp-content\/uploads\/2026\/09\/GOLPE-DA-TINTA-VR-768x576.jpeg 768w\" sizes=\"(max-width: 800px) 100vw, 800px\" \/><\/figure>\n\n\n\n<p class=\"wp-block-paragraph\">O Minist\u00e9rio P\u00fablico do Estado do Rio de Janeiro (MPRJ) apresentou den\u00fancia contra seis pessoas investigadas por suposta participa\u00e7\u00e3o em um esquema de estelionato conhecido como <strong>\u201cgolpe da tinta\u201d<\/strong>. Os denunciados tamb\u00e9m s\u00e3o acusados de integrar uma associa\u00e7\u00e3o criminosa voltada \u00e0 pr\u00e1tica de fraudes contra v\u00edtimas em diferentes cidades.<\/p>\n\n\n\n<p class=\"wp-block-paragraph\"><a href=\"https:\/\/whatsapp.com\/channel\/0029Va9m4YZ9hXF07MKccN04\" target=\"_blank\" rel=\"noopener\"><strong>QUER RECEBER AS NOT\u00cdCIAS DA REGI\u00c3O EM TEMPO REAL? ACESSE NOSSO CANAL NO WHATSAPP CLICANDO AQUI<\/strong><\/a>\u00a0<\/p>\n\n\n\n<p class=\"wp-block-paragraph\">De acordo com a Promotoria de Justi\u00e7a de Investiga\u00e7\u00e3o Penal de Volta Redonda, um dos casos ocorreu em novembro de 2021 e teria provocado um preju\u00edzo de <strong>R$ 3.190<\/strong> a um casal. Na \u00e9poca, o homem tinha 80 anos.<\/p>\n\n\n\n<p class=\"wp-block-paragraph\">Segundo a acusa\u00e7\u00e3o, dois integrantes do grupo abordaram as v\u00edtimas oferecendo latas de tinta por R$ 190. No momento do pagamento, por\u00e9m, os suspeitos teriam utilizado uma m\u00e1quina de cart\u00e3o e realizado uma cobran\u00e7a de valor muito superior ao combinado, sem que o casal percebesse.<\/p>\n\n\n\n<p class=\"wp-block-paragraph\">A investiga\u00e7\u00e3o aponta que a transa\u00e7\u00e3o foi direcionada para um estabelecimento identificado como \u201cPagguilhermebegalli\u201d. Ainda segundo o Minist\u00e9rio P\u00fablico, outro integrante do grupo teria fornecido a estrutura financeira utilizada para receber os valores obtidos nas supostas fraudes.<\/p>\n\n\n\n<p class=\"wp-block-paragraph\">A Promotoria afirma que os seis denunciados manteriam uma rela\u00e7\u00e3o est\u00e1vel com o objetivo de praticar crimes contra o patrim\u00f4nio. O m\u00e9todo investigado consistiria em oferecer produtos, principalmente latas de tinta, por pre\u00e7os baixos para atrair as v\u00edtimas e, posteriormente, realizar cobran\u00e7as superiores \u00e0s autorizadas.<\/p>\n\n\n\n<p class=\"wp-block-paragraph\">Al\u00e9m da acusa\u00e7\u00e3o de estelionato, o MPRJ denunciou os envolvidos por <strong>associa\u00e7\u00e3o criminosa<\/strong> e solicitou \u00e0 Justi\u00e7a a defini\u00e7\u00e3o de um valor m\u00ednimo para indeniza\u00e7\u00e3o pelo preju\u00edzo causado \u00e0 v\u00edtima.<\/p>\n\n\n\n<p class=\"wp-block-paragraph\">A den\u00fancia tamb\u00e9m inclui pedidos de medidas cautelares para garantir o andamento do processo e a aplica\u00e7\u00e3o da lei penal. O caso ainda ser\u00e1 analisado pela Justi\u00e7a, e os denunciados t\u00eam direito \u00e0 ampla defesa e ao contradit\u00f3rio.<\/p>\n","protected":false},"excerpt":{"rendered":"<p>O Minist\u00e9rio P\u00fablico do Estado do Rio de Janeiro (MPRJ) apresentou den\u00fancia contra seis pessoas investigadas por suposta participa\u00e7\u00e3o em um esquema de estelionato conhecido como \u201cgolpe da tinta\u201d. Os denunciados tamb\u00e9m s\u00e3o acusados de integrar uma associa\u00e7\u00e3o criminosa voltada \u00e0 pr\u00e1tica de fraudes contra v\u00edtimas em diferentes cidades. QUER [&hellip;]<\/p>\n","protected":false},"author":4,"featured_media":30396,"comment_status":"open","ping_status":"closed","sticky":false,"template":"","format":"standard","meta":{"_seopress_titles_title":"","_seopress_titles_desc":"","_seopress_robots_index":"","_seopress_robots_follow":"","_seopress_robots_imageindex":"","_seopress_robots_snippet":"","_seopress_robots_primary_cat":"","_seopress_robots_breadcrumbs":"","_seopress_robots_freeze_modified_date":"","_seopress_robots_custom_modified_date":"","_seopress_robots_canonical":"","_seopress_social_fb_title":"","_seopress_social_fb_desc":"","_seopress_social_fb_img":"","_seopress_social_fb_img_attachment_id":0,"_seopress_social_fb_img_width":0,"_seopress_social_fb_img_height":0,"_seopress_social_twitter_title":"","_seopress_social_twitter_desc":"","_seopress_social_twitter_img":"","_seopress_social_twitter_img_attachment_id":0,"_seopress_social_twitter_img_width":0,"_seopress_social_twitter_img_height":0,"_seopress_redirections_value":"","_seopress_redirections_enabled":"","_seopress_redirections_enabled_regex":"","_seopress_redirections_logged_status":"","_seopress_redirections_param":"","_seopress_redirections_type":0,"_seopress_analysis_target_kw":"","footnotes":""},"categories":[32,90,34],"tags":[],"class_list":["post-30395","post","type-post","status-publish","format-standard","has-post-thumbnail","hentry","category-destaque","category-sacode-policia","category-volta-redonda"],"_links":{"self":[{"href":"https:\/\/www.jornalponto.com\/site\/wp-json\/wp\/v2\/posts\/30395","targetHints":{"allow":["GET"]}}],"collection":[{"href":"https:\/\/www.jornalponto.com\/site\/wp-json\/wp\/v2\/posts"}],"about":[{"href":"https:\/\/www.jornalponto.com\/site\/wp-json\/wp\/v2\/types\/post"}],"author":[{"embeddable":true,"href":"https:\/\/www.jornalponto.com\/site\/wp-json\/wp\/v2\/users\/4"}],"replies":[{"embeddable":true,"href":"https:\/\/www.jornalponto.com\/site\/wp-json\/wp\/v2\/comments?post=30395"}],"version-history":[{"count":1,"href":"https:\/\/www.jornalponto.com\/site\/wp-json\/wp\/v2\/posts\/30395\/revisions"}],"predecessor-version":[{"id":30397,"href":"https:\/\/www.jornalponto.com\/site\/wp-json\/wp\/v2\/posts\/30395\/revisions\/30397"}],"wp:featuredmedia":[{"embeddable":true,"href":"https:\/\/www.jornalponto.com\/site\/wp-json\/wp\/v2\/media\/30396"}],"wp:attachment":[{"href":"https:\/\/www.jornalponto.com\/site\/wp-json\/wp\/v2\/media?parent=30395"}],"wp:term":[{"taxonomy":"category","embeddable":true,"href":"https:\/\/www.jornalponto.com\/site\/wp-json\/wp\/v2\/categories?post=30395"},{"taxonomy":"post_tag","embeddable":true,"href":"https:\/\/www.jornalponto.com\/site\/wp-json\/wp\/v2\/tags?post=30395"}],"curies":[{"name":"wp","href":"https:\/\/api.w.org\/{rel}","templated":true}]}}