{"id":30401,"date":"2026-09-04T16:20:03","date_gmt":"2026-09-04T19:20:03","guid":{"rendered":"https:\/\/www.jornalponto.com\/site\/?p=30401"},"modified":"2026-09-04T16:20:11","modified_gmt":"2026-09-04T19:20:11","slug":"dois-adolescentes-sao-baleados-e-tres-sao-detidos-apos-confronto-com-a-pm-em-resende","status":"publish","type":"post","link":"https:\/\/www.jornalponto.com\/site\/2026\/09\/04\/dois-adolescentes-sao-baleados-e-tres-sao-detidos-apos-confronto-com-a-pm-em-resende\/","title":{"rendered":"Dois adolescentes s\u00e3o baleados e tr\u00eas s\u00e3o detidos ap\u00f3s confronto com a PM em Resende"},"content":{"rendered":"\n<figure class=\"wp-block-image size-full\"><img alt=\"\" fetchpriority=\"high\" decoding=\"async\" width=\"690\" height=\"420\" src=\"https:\/\/www.jornalponto.com\/site\/wp-content\/uploads\/2026\/09\/CONFRONTO-RESENDE.jpeg\" alt=\"\" class=\"wp-image-30402\" srcset=\"https:\/\/www.jornalponto.com\/site\/wp-content\/uploads\/2026\/09\/CONFRONTO-RESENDE.jpeg 690w, https:\/\/www.jornalponto.com\/site\/wp-content\/uploads\/2026\/09\/CONFRONTO-RESENDE-300x183.jpeg 300w\" sizes=\"(max-width: 690px) 100vw, 690px\" \/><\/figure>\n\n\n\n<p class=\"wp-block-paragraph\">Dois adolescentes, ambos de 17 anos, foram apreendidos e um jovem de 18 anos acabou detido durante uma a\u00e7\u00e3o da Pol\u00edcia Militar nesta sexta-feira (4), no bairro Surubi Novo, em Resende.<\/p>\n\n\n\n<p class=\"wp-block-paragraph\"><a href=\"https:\/\/whatsapp.com\/channel\/0029Va9m4YZ9hXF07MKccN04\" target=\"_blank\" rel=\"noopener\"><strong>QUER RECEBER AS NOT\u00cdCIAS DA REGI\u00c3O EM TEMPO REAL? ACESSE NOSSO CANAL NO WHATSAPP CLICANDO AQUI<\/strong><\/a>\u00a0<\/p>\n\n\n\n<p class=\"wp-block-paragraph\">Segundo a PM, os agentes realizavam dilig\u00eancias na regi\u00e3o quando foram surpreendidos por disparos de arma de fogo. Houve uma troca de tiros e, ap\u00f3s o confronto, dois dos envolvidos foram encontrados feridos.<\/p>\n\n\n\n<p class=\"wp-block-paragraph\">O Samu foi acionado e encaminhou os dois baleados para o Hospital de Emerg\u00eancia de Resende. At\u00e9 o momento, n\u00e3o havia informa\u00e7\u00f5es sobre o estado de sa\u00fade deles.<\/p>\n\n\n\n<p class=\"wp-block-paragraph\">Na sequ\u00eancia, os policiais fizeram um cerco e realizaram buscas pela regi\u00e3o. O terceiro envolvido foi localizado e detido.<\/p>\n\n\n\n<p class=\"wp-block-paragraph\">Durante a ocorr\u00eancia, foram apreendidos <strong>uma pistola calibre 9 mil\u00edmetros, um rev\u00f3lver calibre .38, tr\u00eas carregadores, muni\u00e7\u00f5es dos dois calibres, dois r\u00e1dios comunicadores, quatro bases de r\u00e1dio, duas c\u00e2meras, seis celulares e uma balaclava<\/strong>.<\/p>\n\n\n\n<p class=\"wp-block-paragraph\">Tamb\u00e9m foram encontrados entorpecentes, mas a quantidade ainda estava sendo contabilizada.<\/p>\n\n\n\n<p class=\"wp-block-paragraph\">O ponto onde ocorreu o confronto foi isolado para a realiza\u00e7\u00e3o da per\u00edcia. A ocorr\u00eancia seria encaminhada \u00e0 Pol\u00edcia Civil, juntamente com os tr\u00eas envolvidos e todo o material apreendido.<\/p>\n","protected":false},"excerpt":{"rendered":"<p>Dois adolescentes, ambos de 17 anos, foram apreendidos e um jovem de 18 anos acabou detido durante uma a\u00e7\u00e3o da Pol\u00edcia Militar nesta sexta-feira (4), no bairro Surubi Novo, em Resende. QUER RECEBER AS NOT\u00cdCIAS DA REGI\u00c3O EM TEMPO REAL? ACESSE NOSSO CANAL NO WHATSAPP CLICANDO AQUI\u00a0 Segundo a PM, [&hellip;]<\/p>\n","protected":false},"author":4,"featured_media":30402,"comment_status":"open","ping_status":"closed","sticky":false,"template":"","format":"standard","meta":{"_seopress_titles_title":"","_seopress_titles_desc":"","_seopress_robots_index":"","_seopress_robots_follow":"","_seopress_robots_imageindex":"","_seopress_robots_snippet":"","_seopress_robots_primary_cat":"","_seopress_robots_breadcrumbs":"","_seopress_robots_freeze_modified_date":"","_seopress_robots_custom_modified_date":"","_seopress_robots_canonical":"","_seopress_social_fb_title":"","_seopress_social_fb_desc":"","_seopress_social_fb_img":"","_seopress_social_fb_img_attachment_id":0,"_seopress_social_fb_img_width":0,"_seopress_social_fb_img_height":0,"_seopress_social_twitter_title":"","_seopress_social_twitter_desc":"","_seopress_social_twitter_img":"","_seopress_social_twitter_img_attachment_id":0,"_seopress_social_twitter_img_width":0,"_seopress_social_twitter_img_height":0,"_seopress_redirections_value":"","_seopress_redirections_enabled":"","_seopress_redirections_enabled_regex":"","_seopress_redirections_logged_status":"","_seopress_redirections_param":"","_seopress_redirections_type":0,"_seopress_analysis_target_kw":"","footnotes":""},"categories":[32,38,90],"tags":[],"class_list":["post-30401","post","type-post","status-publish","format-standard","has-post-thumbnail","hentry","category-destaque","category-resende","category-sacode-policia"],"_links":{"self":[{"href":"https:\/\/www.jornalponto.com\/site\/wp-json\/wp\/v2\/posts\/30401","targetHints":{"allow":["GET"]}}],"collection":[{"href":"https:\/\/www.jornalponto.com\/site\/wp-json\/wp\/v2\/posts"}],"about":[{"href":"https:\/\/www.jornalponto.com\/site\/wp-json\/wp\/v2\/types\/post"}],"author":[{"embeddable":true,"href":"https:\/\/www.jornalponto.com\/site\/wp-json\/wp\/v2\/users\/4"}],"replies":[{"embeddable":true,"href":"https:\/\/www.jornalponto.com\/site\/wp-json\/wp\/v2\/comments?post=30401"}],"version-history":[{"count":1,"href":"https:\/\/www.jornalponto.com\/site\/wp-json\/wp\/v2\/posts\/30401\/revisions"}],"predecessor-version":[{"id":30403,"href":"https:\/\/www.jornalponto.com\/site\/wp-json\/wp\/v2\/posts\/30401\/revisions\/30403"}],"wp:featuredmedia":[{"embeddable":true,"href":"https:\/\/www.jornalponto.com\/site\/wp-json\/wp\/v2\/media\/30402"}],"wp:attachment":[{"href":"https:\/\/www.jornalponto.com\/site\/wp-json\/wp\/v2\/media?parent=30401"}],"wp:term":[{"taxonomy":"category","embeddable":true,"href":"https:\/\/www.jornalponto.com\/site\/wp-json\/wp\/v2\/categories?post=30401"},{"taxonomy":"post_tag","embeddable":true,"href":"https:\/\/www.jornalponto.com\/site\/wp-json\/wp\/v2\/tags?post=30401"}],"curies":[{"name":"wp","href":"https:\/\/api.w.org\/{rel}","templated":true}]}}