{"id":30407,"date":"2026-08-31T05:37:18","date_gmt":"2026-08-31T08:37:18","guid":{"rendered":"https:\/\/www.jornalponto.com\/site\/?p=30407"},"modified":"2026-08-31T05:37:22","modified_gmt":"2026-08-31T08:37:22","slug":"homem-e-levado-a-delegacia-apos-ser-encontrado-com-r-29-mil-em-dinheiro-em-valenca","status":"publish","type":"post","link":"https:\/\/www.jornalponto.com\/site\/2026\/08\/31\/homem-e-levado-a-delegacia-apos-ser-encontrado-com-r-29-mil-em-dinheiro-em-valenca\/","title":{"rendered":"Homem \u00e9 levado \u00e0 delegacia ap\u00f3s ser encontrado com R$ 2,9 mil em dinheiro em Valen\u00e7a"},"content":{"rendered":"\n<figure class=\"wp-block-image size-full\"><img alt=\"\" fetchpriority=\"high\" decoding=\"async\" width=\"450\" height=\"800\" src=\"https:\/\/www.jornalponto.com\/site\/wp-content\/uploads\/2026\/08\/dinheiro-valenca.jpg\" alt=\"\" class=\"wp-image-30408\" srcset=\"https:\/\/www.jornalponto.com\/site\/wp-content\/uploads\/2026\/08\/dinheiro-valenca.jpg 450w, https:\/\/www.jornalponto.com\/site\/wp-content\/uploads\/2026\/08\/dinheiro-valenca-169x300.jpg 169w\" sizes=\"(max-width: 450px) 100vw, 450px\" \/><\/figure>\n\n\n\n<p class=\"wp-block-paragraph\">Um homem de 43 anos foi conduzido \u00e0 delegacia ap\u00f3s ser abordado pela Pol\u00edcia Militar e encontrado com R$ 2,9 mil em esp\u00e9cie, na tarde de s\u00e1bado (29), em Valen\u00e7a, no Sul do Rio de Janeiro.<\/p>\n\n\n\n<p class=\"wp-block-paragraph\">A abordagem aconteceu na Rua Hildebrando Lopes, no bairro Dudu Lopes. Policiais do Grupamento de A\u00e7\u00f5es T\u00e1ticas (GAT), da 3\u00aa Companhia do 10\u00ba BPM, realizavam patrulhamento na regi\u00e3o quando decidiram verificar a situa\u00e7\u00e3o do suspeito.<\/p>\n\n\n\n<p class=\"wp-block-paragraph\">Segundo a PM, o homem j\u00e1 seria conhecido dos policiais por uma suposta liga\u00e7\u00e3o com o tr\u00e1fico de drogas associado \u00e0 fac\u00e7\u00e3o Terceiro Comando Puro (TCP).<\/p>\n\n\n\n<p class=\"wp-block-paragraph\">Durante a revista, os agentes encontraram R$ 2.900 em dinheiro e um celular da marca Samsung. Conforme o registro da ocorr\u00eancia, o homem n\u00e3o teria conseguido esclarecer inicialmente a origem da quantia. Depois, informou que havia recebido o dinheiro de uma mulher, cuja identidade afirmou desconhecer, para realizar um dep\u00f3sito em uma conta da Caixa Econ\u00f4mica Federal.<\/p>\n\n\n\n<p class=\"wp-block-paragraph\">O suspeito, o dinheiro e o aparelho celular foram encaminhados para a 91\u00aa Delegacia de Pol\u00edcia de Valen\u00e7a. Ap\u00f3s analisar o caso, a autoridade policial determinou a apreens\u00e3o do dinheiro e do telefone.<\/p>\n\n\n\n<p class=\"wp-block-paragraph\">A ocorr\u00eancia foi enquadrada inicialmente no artigo 35 da Lei de Drogas, que trata de associa\u00e7\u00e3o para o tr\u00e1fico. Um inqu\u00e9rito foi instaurado para apurar a origem do dinheiro e as circunst\u00e2ncias do caso.<\/p>\n\n\n\n<p class=\"wp-block-paragraph\">Ap\u00f3s prestar depoimento, o homem foi liberado e permanece \u00e0 disposi\u00e7\u00e3o das investiga\u00e7\u00f5es.<\/p>\n","protected":false},"excerpt":{"rendered":"<p>Um homem de 43 anos foi conduzido \u00e0 delegacia ap\u00f3s ser abordado pela Pol\u00edcia Militar e encontrado com R$ 2,9 mil em esp\u00e9cie, na tarde de s\u00e1bado (29), em Valen\u00e7a, no Sul do Rio de Janeiro. A abordagem aconteceu na Rua Hildebrando Lopes, no bairro Dudu Lopes. Policiais do Grupamento [&hellip;]<\/p>\n","protected":false},"author":1,"featured_media":30408,"comment_status":"open","ping_status":"closed","sticky":false,"template":"","format":"standard","meta":{"_seopress_titles_title":"","_seopress_titles_desc":"","_seopress_robots_index":"","_seopress_robots_follow":"","_seopress_robots_imageindex":"","_seopress_robots_snippet":"","_seopress_robots_primary_cat":"","_seopress_robots_breadcrumbs":"","_seopress_robots_freeze_modified_date":"","_seopress_robots_custom_modified_date":"","_seopress_robots_canonical":"","_seopress_social_fb_title":"","_seopress_social_fb_desc":"","_seopress_social_fb_img":"","_seopress_social_fb_img_attachment_id":0,"_seopress_social_fb_img_width":0,"_seopress_social_fb_img_height":0,"_seopress_social_twitter_title":"","_seopress_social_twitter_desc":"","_seopress_social_twitter_img":"","_seopress_social_twitter_img_attachment_id":0,"_seopress_social_twitter_img_width":0,"_seopress_social_twitter_img_height":0,"_seopress_redirections_value":"","_seopress_redirections_enabled":"","_seopress_redirections_enabled_regex":"","_seopress_redirections_logged_status":"","_seopress_redirections_param":"","_seopress_redirections_type":0,"_seopress_analysis_target_kw":"","footnotes":""},"categories":[53,46],"tags":[],"class_list":["post-30407","post","type-post","status-publish","format-standard","has-post-thumbnail","hentry","category-policia","category-valenca"],"_links":{"self":[{"href":"https:\/\/www.jornalponto.com\/site\/wp-json\/wp\/v2\/posts\/30407","targetHints":{"allow":["GET"]}}],"collection":[{"href":"https:\/\/www.jornalponto.com\/site\/wp-json\/wp\/v2\/posts"}],"about":[{"href":"https:\/\/www.jornalponto.com\/site\/wp-json\/wp\/v2\/types\/post"}],"author":[{"embeddable":true,"href":"https:\/\/www.jornalponto.com\/site\/wp-json\/wp\/v2\/users\/1"}],"replies":[{"embeddable":true,"href":"https:\/\/www.jornalponto.com\/site\/wp-json\/wp\/v2\/comments?post=30407"}],"version-history":[{"count":1,"href":"https:\/\/www.jornalponto.com\/site\/wp-json\/wp\/v2\/posts\/30407\/revisions"}],"predecessor-version":[{"id":30409,"href":"https:\/\/www.jornalponto.com\/site\/wp-json\/wp\/v2\/posts\/30407\/revisions\/30409"}],"wp:featuredmedia":[{"embeddable":true,"href":"https:\/\/www.jornalponto.com\/site\/wp-json\/wp\/v2\/media\/30408"}],"wp:attachment":[{"href":"https:\/\/www.jornalponto.com\/site\/wp-json\/wp\/v2\/media?parent=30407"}],"wp:term":[{"taxonomy":"category","embeddable":true,"href":"https:\/\/www.jornalponto.com\/site\/wp-json\/wp\/v2\/categories?post=30407"},{"taxonomy":"post_tag","embeddable":true,"href":"https:\/\/www.jornalponto.com\/site\/wp-json\/wp\/v2\/tags?post=30407"}],"curies":[{"name":"wp","href":"https:\/\/api.w.org\/{rel}","templated":true}]}}