{"id":30409,"date":"2026-09-04T21:13:27","date_gmt":"2026-09-05T00:13:27","guid":{"rendered":"https:\/\/www.jornalponto.com\/site\/?p=30409"},"modified":"2026-09-04T21:13:30","modified_gmt":"2026-09-05T00:13:30","slug":"carro-atropela-e-mata-uma-pessoa-em-tres-rios","status":"publish","type":"post","link":"https:\/\/www.jornalponto.com\/site\/2026\/09\/04\/carro-atropela-e-mata-uma-pessoa-em-tres-rios\/","title":{"rendered":"Carro atropela e mata uma pessoa em Tr\u00eas Rios"},"content":{"rendered":"\n<figure class=\"wp-block-image size-large is-resized\"><img alt=\"\" fetchpriority=\"high\" decoding=\"async\" width=\"631\" height=\"1024\" src=\"https:\/\/www.jornalponto.com\/site\/wp-content\/uploads\/2026\/09\/acidente-fatal-tr-631x1024.jpg\" alt=\"\" class=\"wp-image-30410\" style=\"width:333px;height:auto\" srcset=\"https:\/\/www.jornalponto.com\/site\/wp-content\/uploads\/2026\/09\/acidente-fatal-tr-631x1024.jpg 631w, https:\/\/www.jornalponto.com\/site\/wp-content\/uploads\/2026\/09\/acidente-fatal-tr-185x300.jpg 185w, https:\/\/www.jornalponto.com\/site\/wp-content\/uploads\/2026\/09\/acidente-fatal-tr-768x1246.jpg 768w, https:\/\/www.jornalponto.com\/site\/wp-content\/uploads\/2026\/09\/acidente-fatal-tr-947x1536.jpg 947w, https:\/\/www.jornalponto.com\/site\/wp-content\/uploads\/2026\/09\/acidente-fatal-tr.jpg 986w\" sizes=\"(max-width: 631px) 100vw, 631px\" \/><\/figure>\n\n\n\n<p class=\"wp-block-paragraph\">Uma pessoa morreu ap\u00f3s ser atropelada por um carro na tarde desta sexta-feira (4), na BR-040, em Tr\u00eas Rios. O acidente aconteceu na altura do km 21, no bairro Moura Brasil, na pista sentido Minas Gerais.<\/p>\n\n\n\n<p class=\"wp-block-paragraph\"><a href=\"https:\/\/whatsapp.com\/channel\/0029Va9m4YZ9hXF07MKccN04\" target=\"_blank\" rel=\"noopener\"><strong>QUER RECEBER AS NOT\u00cdCIAS DA REGI\u00c3O EM TEMPO REAL? ACESSE NOSSO CANAL NO WHATSAPP CLICANDO AQUI<\/strong><\/a>\u00a0<\/p>\n\n\n\n<p class=\"wp-block-paragraph\">Segundo a Pol\u00edcia Rodovi\u00e1ria Federal (PRF), o chamado para atender a ocorr\u00eancia foi recebido por volta das 17h40.<\/p>\n\n\n\n<p class=\"wp-block-paragraph\">Ap\u00f3s o atropelamento, parte da pista precisou ser interditada, provocando restri\u00e7\u00f5es no tr\u00e1fego. At\u00e9 o momento, n\u00e3o havia previs\u00e3o para a libera\u00e7\u00e3o completa do trecho.<\/p>\n\n\n\n<p class=\"wp-block-paragraph\">As circunst\u00e2ncias do acidente ainda n\u00e3o foram esclarecidas. A din\u00e2mica do atropelamento dever\u00e1 ser apurada pelas autoridades.<\/p>\n","protected":false},"excerpt":{"rendered":"<p>Uma pessoa morreu ap\u00f3s ser atropelada por um carro na tarde desta sexta-feira (4), na BR-040, em Tr\u00eas Rios. O acidente aconteceu na altura do km 21, no bairro Moura Brasil, na pista sentido Minas Gerais. QUER RECEBER AS NOT\u00cdCIAS DA REGI\u00c3O EM TEMPO REAL? ACESSE NOSSO CANAL NO WHATSAPP [&hellip;]<\/p>\n","protected":false},"author":4,"featured_media":30410,"comment_status":"open","ping_status":"closed","sticky":false,"template":"","format":"standard","meta":{"_seopress_titles_title":"","_seopress_titles_desc":"","_seopress_robots_index":"","_seopress_robots_follow":"","_seopress_robots_imageindex":"","_seopress_robots_snippet":"","_seopress_robots_primary_cat":"","_seopress_robots_breadcrumbs":"","_seopress_robots_freeze_modified_date":"","_seopress_robots_custom_modified_date":"","_seopress_robots_canonical":"","_seopress_social_fb_title":"","_seopress_social_fb_desc":"","_seopress_social_fb_img":"","_seopress_social_fb_img_attachment_id":0,"_seopress_social_fb_img_width":0,"_seopress_social_fb_img_height":0,"_seopress_social_twitter_title":"","_seopress_social_twitter_desc":"","_seopress_social_twitter_img":"","_seopress_social_twitter_img_attachment_id":0,"_seopress_social_twitter_img_width":0,"_seopress_social_twitter_img_height":0,"_seopress_redirections_value":"","_seopress_redirections_enabled":"","_seopress_redirections_enabled_regex":"","_seopress_redirections_logged_status":"","_seopress_redirections_param":"","_seopress_redirections_type":0,"_seopress_analysis_target_kw":"","footnotes":""},"categories":[69,49,72],"tags":[],"class_list":["post-30409","post","type-post","status-publish","format-standard","has-post-thumbnail","hentry","category-cidades","category-tres-rios","category-ultimas"],"_links":{"self":[{"href":"https:\/\/www.jornalponto.com\/site\/wp-json\/wp\/v2\/posts\/30409","targetHints":{"allow":["GET"]}}],"collection":[{"href":"https:\/\/www.jornalponto.com\/site\/wp-json\/wp\/v2\/posts"}],"about":[{"href":"https:\/\/www.jornalponto.com\/site\/wp-json\/wp\/v2\/types\/post"}],"author":[{"embeddable":true,"href":"https:\/\/www.jornalponto.com\/site\/wp-json\/wp\/v2\/users\/4"}],"replies":[{"embeddable":true,"href":"https:\/\/www.jornalponto.com\/site\/wp-json\/wp\/v2\/comments?post=30409"}],"version-history":[{"count":1,"href":"https:\/\/www.jornalponto.com\/site\/wp-json\/wp\/v2\/posts\/30409\/revisions"}],"predecessor-version":[{"id":30411,"href":"https:\/\/www.jornalponto.com\/site\/wp-json\/wp\/v2\/posts\/30409\/revisions\/30411"}],"wp:featuredmedia":[{"embeddable":true,"href":"https:\/\/www.jornalponto.com\/site\/wp-json\/wp\/v2\/media\/30410"}],"wp:attachment":[{"href":"https:\/\/www.jornalponto.com\/site\/wp-json\/wp\/v2\/media?parent=30409"}],"wp:term":[{"taxonomy":"category","embeddable":true,"href":"https:\/\/www.jornalponto.com\/site\/wp-json\/wp\/v2\/categories?post=30409"},{"taxonomy":"post_tag","embeddable":true,"href":"https:\/\/www.jornalponto.com\/site\/wp-json\/wp\/v2\/tags?post=30409"}],"curies":[{"name":"wp","href":"https:\/\/api.w.org\/{rel}","templated":true}]}}