{"id":30410,"date":"2026-08-31T07:43:01","date_gmt":"2026-08-31T10:43:01","guid":{"rendered":"https:\/\/www.jornalponto.com\/site\/?p=30410"},"modified":"2026-08-31T07:43:05","modified_gmt":"2026-08-31T10:43:05","slug":"colisao-entre-dois-carros-provoca-outro-acidente-envolvendo-carretas-na-br-393-em-barra-do-pirai","status":"publish","type":"post","link":"https:\/\/www.jornalponto.com\/site\/2026\/08\/31\/colisao-entre-dois-carros-provoca-outro-acidente-envolvendo-carretas-na-br-393-em-barra-do-pirai\/","title":{"rendered":"Colis\u00e3o entre dois carros provoca outro acidente envolvendo carretas na BR-393, em Barra do Pira\u00ed"},"content":{"rendered":"\n<figure class=\"wp-block-image size-large is-resized\"><img alt=\"\" fetchpriority=\"high\" decoding=\"async\" width=\"1024\" height=\"576\" src=\"https:\/\/www.jornalponto.com\/site\/wp-content\/uploads\/2026\/08\/acidente-393-carreta-1024x576.jpg\" alt=\"\" class=\"wp-image-30411\" style=\"width:713px;height:auto\" srcset=\"https:\/\/www.jornalponto.com\/site\/wp-content\/uploads\/2026\/08\/acidente-393-carreta-1024x576.jpg 1024w, https:\/\/www.jornalponto.com\/site\/wp-content\/uploads\/2026\/08\/acidente-393-carreta-300x169.jpg 300w, https:\/\/www.jornalponto.com\/site\/wp-content\/uploads\/2026\/08\/acidente-393-carreta-768x432.jpg 768w, https:\/\/www.jornalponto.com\/site\/wp-content\/uploads\/2026\/08\/acidente-393-carreta.jpg 1280w\" sizes=\"(max-width: 1024px) 100vw, 1024px\" \/><\/figure>\n\n\n\n<p class=\"wp-block-paragraph\">Um acidente envolvendo dois autom\u00f3veis e duas carretas deixou o tr\u00e2nsito em sistema de pare e siga por pouco mais de uma hora na tarde deste domingo (30), na BR-393, em Barra do Pira\u00ed.<\/p>\n\n\n\n<p class=\"wp-block-paragraph\">A batida aconteceu por volta das 16h30, na altura do km 268, no trevo de Dorandia. Segundo as informa\u00e7\u00f5es iniciais, um C4 Pallas sa\u00eda de Dorandia em dire\u00e7\u00e3o a Vargem Alegre quando, ao atravessar a rodovia, foi atingido transversalmente por um Hyundai HB20 que seguia no sentido Volta Redonda.<\/p>\n\n\n\n<p class=\"wp-block-paragraph\">Com a for\u00e7a da colis\u00e3o, os dois carros foram parar na pista contr\u00e1ria. O C4 Pallas chegou a tombar, fazendo com que os motoristas de carretas que trafegavam pelo trecho precisassem frear bruscamente.<\/p>\n\n\n\n<p class=\"wp-block-paragraph\">A manobra acabou provocando colis\u00f5es traseiras entre as carretas que vinham logo atr\u00e1s.<\/p>\n\n\n\n<p class=\"wp-block-paragraph\">Apesar da sequ\u00eancia de batidas e da aparente gravidade do acidente, ningu\u00e9m ficou ferido.<\/p>\n\n\n\n<p class=\"wp-block-paragraph\">O tr\u00e1fego precisou ser controlado em sistema de pare e siga durante pouco mais de uma hora. A situa\u00e7\u00e3o foi normalizada ap\u00f3s a retirada dos ve\u00edculos envolvidos e a libera\u00e7\u00e3o da pista.<\/p>\n","protected":false},"excerpt":{"rendered":"<p>Um acidente envolvendo dois autom\u00f3veis e duas carretas deixou o tr\u00e2nsito em sistema de pare e siga por pouco mais de uma hora na tarde deste domingo (30), na BR-393, em Barra do Pira\u00ed. A batida aconteceu por volta das 16h30, na altura do km 268, no trevo de Dorandia. [&hellip;]<\/p>\n","protected":false},"author":1,"featured_media":30411,"comment_status":"open","ping_status":"closed","sticky":false,"template":"","format":"standard","meta":{"_seopress_titles_title":"","_seopress_titles_desc":"","_seopress_robots_index":"","_seopress_robots_follow":"","_seopress_robots_imageindex":"","_seopress_robots_snippet":"","_seopress_robots_primary_cat":"","_seopress_robots_breadcrumbs":"","_seopress_robots_freeze_modified_date":"","_seopress_robots_custom_modified_date":"","_seopress_robots_canonical":"","_seopress_social_fb_title":"","_seopress_social_fb_desc":"","_seopress_social_fb_img":"","_seopress_social_fb_img_attachment_id":0,"_seopress_social_fb_img_width":0,"_seopress_social_fb_img_height":0,"_seopress_social_twitter_title":"","_seopress_social_twitter_desc":"","_seopress_social_twitter_img":"","_seopress_social_twitter_img_attachment_id":0,"_seopress_social_twitter_img_width":0,"_seopress_social_twitter_img_height":0,"_seopress_redirections_value":"","_seopress_redirections_enabled":"","_seopress_redirections_enabled_regex":"","_seopress_redirections_logged_status":"","_seopress_redirections_param":"","_seopress_redirections_type":0,"_seopress_analysis_target_kw":"","footnotes":""},"categories":[48,69,72],"tags":[],"class_list":["post-30410","post","type-post","status-publish","format-standard","has-post-thumbnail","hentry","category-barra-do-pirai","category-cidades","category-ultimas"],"_links":{"self":[{"href":"https:\/\/www.jornalponto.com\/site\/wp-json\/wp\/v2\/posts\/30410","targetHints":{"allow":["GET"]}}],"collection":[{"href":"https:\/\/www.jornalponto.com\/site\/wp-json\/wp\/v2\/posts"}],"about":[{"href":"https:\/\/www.jornalponto.com\/site\/wp-json\/wp\/v2\/types\/post"}],"author":[{"embeddable":true,"href":"https:\/\/www.jornalponto.com\/site\/wp-json\/wp\/v2\/users\/1"}],"replies":[{"embeddable":true,"href":"https:\/\/www.jornalponto.com\/site\/wp-json\/wp\/v2\/comments?post=30410"}],"version-history":[{"count":1,"href":"https:\/\/www.jornalponto.com\/site\/wp-json\/wp\/v2\/posts\/30410\/revisions"}],"predecessor-version":[{"id":30412,"href":"https:\/\/www.jornalponto.com\/site\/wp-json\/wp\/v2\/posts\/30410\/revisions\/30412"}],"wp:featuredmedia":[{"embeddable":true,"href":"https:\/\/www.jornalponto.com\/site\/wp-json\/wp\/v2\/media\/30411"}],"wp:attachment":[{"href":"https:\/\/www.jornalponto.com\/site\/wp-json\/wp\/v2\/media?parent=30410"}],"wp:term":[{"taxonomy":"category","embeddable":true,"href":"https:\/\/www.jornalponto.com\/site\/wp-json\/wp\/v2\/categories?post=30410"},{"taxonomy":"post_tag","embeddable":true,"href":"https:\/\/www.jornalponto.com\/site\/wp-json\/wp\/v2\/tags?post=30410"}],"curies":[{"name":"wp","href":"https:\/\/api.w.org\/{rel}","templated":true}]}}