{"id":30412,"date":"2026-09-04T21:32:12","date_gmt":"2026-09-05T00:32:12","guid":{"rendered":"https:\/\/www.jornalponto.com\/site\/?p=30412"},"modified":"2026-09-04T21:32:14","modified_gmt":"2026-09-05T00:32:14","slug":"cabral-e-condenado-por-esquema-de-regalias-durante-prisao-no-rio","status":"publish","type":"post","link":"https:\/\/www.jornalponto.com\/site\/2026\/09\/04\/cabral-e-condenado-por-esquema-de-regalias-durante-prisao-no-rio\/","title":{"rendered":"Cabral \u00e9 condenado por esquema de regalias durante pris\u00e3o no Rio"},"content":{"rendered":"\n<figure class=\"wp-block-image size-large is-resized\"><img alt=\"\" fetchpriority=\"high\" decoding=\"async\" width=\"1024\" height=\"613\" src=\"https:\/\/www.jornalponto.com\/site\/wp-content\/uploads\/2026\/09\/sergio-cabral-1024x613.webp\" alt=\"\" class=\"wp-image-30413\" style=\"aspect-ratio:1.6704990367286061;width:612px;height:auto\" srcset=\"https:\/\/www.jornalponto.com\/site\/wp-content\/uploads\/2026\/09\/sergio-cabral-1024x613.webp 1024w, https:\/\/www.jornalponto.com\/site\/wp-content\/uploads\/2026\/09\/sergio-cabral-300x179.webp 300w, https:\/\/www.jornalponto.com\/site\/wp-content\/uploads\/2026\/09\/sergio-cabral-767x459.webp 767w, https:\/\/www.jornalponto.com\/site\/wp-content\/uploads\/2026\/09\/sergio-cabral.webp 1170w\" sizes=\"(max-width: 1024px) 100vw, 1024px\" \/><\/figure>\n\n\n\n<p class=\"wp-block-paragraph\"><strong>O ex-governador S\u00e9rgio Cabral foi condenado pela Justi\u00e7a do Rio por improbidade administrativa no esquema de regalias montado durante sua pris\u00e3o na Cadeia P\u00fablica Jos\u00e9 Frederico Marques, em Benfica, e na Penitenci\u00e1ria de Bangu 8, no Complexo de Gericin\u00f3.&nbsp;<\/strong><img decoding=\"async\" src=\"https:\/\/agenciabrasil.ebc.com.br\/ebc.png?id=1701599&amp;o=node\"><img decoding=\"async\" src=\"https:\/\/agenciabrasil.ebc.com.br\/ebc.gif?id=1701599&amp;o=node\"><\/p>\n\n\n\n<p class=\"wp-block-paragraph\"><a href=\"https:\/\/whatsapp.com\/channel\/0029Va9m4YZ9hXF07MKccN04\" target=\"_blank\" rel=\"noopener\"><strong>QUER RECEBER AS NOT\u00cdCIAS DA REGI\u00c3O EM TEMPO REAL? ACESSE NOSSO CANAL NO WHATSAPP CLICANDO AQUI<\/strong><\/a>\u00a0<\/p>\n\n\n\n<p class=\"wp-block-paragraph\">Cabral esteve preso nas duas unidades do sistema penitenci\u00e1rio entre 2016 e 2018.&nbsp;&nbsp;<\/p>\n\n\n\n<p class=\"wp-block-paragraph\">Os desembargadores da 4\u00aa C\u00e2mara de Direito P\u00fablico do Tribunal de Justi\u00e7a conclu\u00edram que houve uma estrutura montada dentro do sistema penitenci\u00e1rio para beneficiar Cabral.&nbsp;<strong>O esquema envolvia a entrada irregular de equipamentos, como televis\u00e3o, som e foi montada&nbsp;at\u00e9 uma sala para apresenta\u00e7\u00e3o de filmes.&nbsp;<\/strong><\/p>\n\n\n\n<p class=\"wp-block-paragraph\">O ex-governador recebia alimentos sofisticados e outros objetos proibidos. O esquema tamb\u00e9m inclu\u00eda visitas fora das regras e falhas deliberadas nos sistemas de controle.<\/p>\n\n\n\n<p class=\"wp-block-paragraph\">Cabral tinha uma TV de 65 polegadas e um aparelho de home theater, al\u00e9m de colch\u00e3o diferenciado, alimentos proibidos, equipamentos de muscula\u00e7\u00e3o, eletrodom\u00e9sticos e acesso facilitado a visitas.&nbsp;<\/p>\n\n\n\n<p class=\"wp-block-paragraph\">De acordo com o relator, desembargador Caetano Ernesto da Fonseca Costa, n\u00e3o houve simples falha administrativa.&nbsp;<\/p>\n\n\n\n<blockquote class=\"wp-block-quote is-layout-flow wp-block-quote-is-layout-flow\">\n<p class=\"wp-block-paragraph\">\u201cOs envolvidos atuaram de forma consciente para esconder atos oficiais e dificultar a fiscaliza\u00e7\u00e3o. A conduta feriu a impessoalidade e a confian\u00e7a da sociedade no sistema prisional\u201d, escreveu na decis\u00e3o.<\/p>\n<\/blockquote>\n\n\n\n<p class=\"wp-block-paragraph\"><strong>Al\u00e9m de S\u00e9rgio Cabral, foram condenados o ex-secret\u00e1rio de Administra\u00e7\u00e3o Penitenci\u00e1ria Erir Ribeiro Costa Filho e os agentes penitenci\u00e1rios&nbsp;Alex de Lima Carvalho, Fabio Ferraz Sodr\u00e9, Sauler Antonio Sakalen, Fernando Lima de Farias e Nilton Cesar Vieira da Silva.&nbsp;<\/strong>Todos ocupavam cargos de gest\u00e3o na Secretaria de Administra\u00e7\u00e3o Penitenci\u00e1ria (Seap) ou nas unidades prisionais envolvidas.<\/p>\n\n\n\n<p class=\"wp-block-paragraph\"><strong>Cabral ter\u00e1 de pagar multa equivalente a 12 vezes sua \u00faltima remunera\u00e7\u00e3o como governador, al\u00e9m de R$ 1 milh\u00e3o por danos morais coletivos.<\/strong><\/p>\n\n\n\n<p class=\"wp-block-paragraph\">Os outros seis condenados pagar\u00e3o multa correspondente a cinco vezes a \u00faltima remunera\u00e7\u00e3o em seus cargos e R$ 100 mil cada por danos morais coletivos. Os valores dos danos morais ser\u00e3o destinados ao Fundo de Defesa de Direitos Difusos, do Minist\u00e9rio da Justi\u00e7a e Seguran\u00e7a P\u00fablica.<\/p>\n","protected":false},"excerpt":{"rendered":"<p>O ex-governador S\u00e9rgio Cabral foi condenado pela Justi\u00e7a do Rio por improbidade administrativa no esquema de regalias montado durante sua pris\u00e3o na Cadeia P\u00fablica Jos\u00e9 Frederico Marques, em Benfica, e na Penitenci\u00e1ria de Bangu 8, no Complexo de Gericin\u00f3.&nbsp; QUER RECEBER AS NOT\u00cdCIAS DA REGI\u00c3O EM TEMPO REAL? ACESSE NOSSO [&hellip;]<\/p>\n","protected":false},"author":4,"featured_media":30413,"comment_status":"open","ping_status":"closed","sticky":false,"template":"","format":"standard","meta":{"_seopress_titles_title":"","_seopress_titles_desc":"","_seopress_robots_index":"","_seopress_robots_follow":"","_seopress_robots_imageindex":"","_seopress_robots_snippet":"","_seopress_robots_primary_cat":"","_seopress_robots_breadcrumbs":"","_seopress_robots_freeze_modified_date":"","_seopress_robots_custom_modified_date":"","_seopress_robots_canonical":"","_seopress_social_fb_title":"","_seopress_social_fb_desc":"","_seopress_social_fb_img":"","_seopress_social_fb_img_attachment_id":0,"_seopress_social_fb_img_width":0,"_seopress_social_fb_img_height":0,"_seopress_social_twitter_title":"","_seopress_social_twitter_desc":"","_seopress_social_twitter_img":"","_seopress_social_twitter_img_attachment_id":0,"_seopress_social_twitter_img_width":0,"_seopress_social_twitter_img_height":0,"_seopress_redirections_value":"","_seopress_redirections_enabled":"","_seopress_redirections_enabled_regex":"","_seopress_redirections_logged_status":"","_seopress_redirections_param":"","_seopress_redirections_type":0,"_seopress_analysis_target_kw":"","footnotes":""},"categories":[32,60,54],"tags":[],"class_list":["post-30412","post","type-post","status-publish","format-standard","has-post-thumbnail","hentry","category-destaque","category-estado-rj","category-politica"],"_links":{"self":[{"href":"https:\/\/www.jornalponto.com\/site\/wp-json\/wp\/v2\/posts\/30412","targetHints":{"allow":["GET"]}}],"collection":[{"href":"https:\/\/www.jornalponto.com\/site\/wp-json\/wp\/v2\/posts"}],"about":[{"href":"https:\/\/www.jornalponto.com\/site\/wp-json\/wp\/v2\/types\/post"}],"author":[{"embeddable":true,"href":"https:\/\/www.jornalponto.com\/site\/wp-json\/wp\/v2\/users\/4"}],"replies":[{"embeddable":true,"href":"https:\/\/www.jornalponto.com\/site\/wp-json\/wp\/v2\/comments?post=30412"}],"version-history":[{"count":1,"href":"https:\/\/www.jornalponto.com\/site\/wp-json\/wp\/v2\/posts\/30412\/revisions"}],"predecessor-version":[{"id":30414,"href":"https:\/\/www.jornalponto.com\/site\/wp-json\/wp\/v2\/posts\/30412\/revisions\/30414"}],"wp:featuredmedia":[{"embeddable":true,"href":"https:\/\/www.jornalponto.com\/site\/wp-json\/wp\/v2\/media\/30413"}],"wp:attachment":[{"href":"https:\/\/www.jornalponto.com\/site\/wp-json\/wp\/v2\/media?parent=30412"}],"wp:term":[{"taxonomy":"category","embeddable":true,"href":"https:\/\/www.jornalponto.com\/site\/wp-json\/wp\/v2\/categories?post=30412"},{"taxonomy":"post_tag","embeddable":true,"href":"https:\/\/www.jornalponto.com\/site\/wp-json\/wp\/v2\/tags?post=30412"}],"curies":[{"name":"wp","href":"https:\/\/api.w.org\/{rel}","templated":true}]}}