{"id":30416,"date":"2026-08-31T08:36:30","date_gmt":"2026-08-31T11:36:30","guid":{"rendered":"https:\/\/www.jornalponto.com\/site\/?p=30416"},"modified":"2026-08-31T08:36:31","modified_gmt":"2026-08-31T11:36:31","slug":"pm-e-guarda-municipal-apreendem-sete-carreteis-de-linha-chilena-durante-evento-em-paraiba-do-sul","status":"publish","type":"post","link":"https:\/\/www.jornalponto.com\/site\/2026\/08\/31\/pm-e-guarda-municipal-apreendem-sete-carreteis-de-linha-chilena-durante-evento-em-paraiba-do-sul\/","title":{"rendered":"PM e Guarda Municipal apreendem sete carret\u00e9is de linha chilena durante evento em Para\u00edba do Sul"},"content":{"rendered":"\n<figure class=\"wp-block-image size-full is-resized\"><img alt=\"\" fetchpriority=\"high\" decoding=\"async\" width=\"690\" height=\"420\" src=\"https:\/\/www.jornalponto.com\/site\/wp-content\/uploads\/2026\/08\/THU-POL-LINHA-CHILENA.jpg\" alt=\"\" class=\"wp-image-30417\" style=\"width:519px;height:auto\" srcset=\"https:\/\/www.jornalponto.com\/site\/wp-content\/uploads\/2026\/08\/THU-POL-LINHA-CHILENA.jpg 690w, https:\/\/www.jornalponto.com\/site\/wp-content\/uploads\/2026\/08\/THU-POL-LINHA-CHILENA-300x183.jpg 300w\" sizes=\"(max-width: 690px) 100vw, 690px\" \/><\/figure>\n\n\n\n<p class=\"wp-block-paragraph\">Uma a\u00e7\u00e3o conjunta entre a Pol\u00edcia Militar e a Guarda Civil Municipal de Para\u00edba do Sul terminou com a apreens\u00e3o de sete carret\u00e9is de linha chilena neste domingo (30). A opera\u00e7\u00e3o aconteceu durante um evento realizado no Santu\u00e1rio Bom Jesus de Matozinhos.<\/p>\n\n\n\n<p class=\"wp-block-paragraph\">Segundo as autoridades, as equipes foram ao local com o objetivo de impedir o uso de linhas cortantes e evitar acidentes com pessoas que participavam do evento.<\/p>\n\n\n\n<p class=\"wp-block-paragraph\">Ao perceberem a chegada dos agentes, algumas pessoas que soltavam pipas deixaram o local \u00e0s pressas e abandonaram os carret\u00e9is contendo a linha chilena.<\/p>\n\n\n\n<p class=\"wp-block-paragraph\">Todo o material recolhido foi entregue \u00e0 Guarda Municipal, que ficar\u00e1 respons\u00e1vel pelo descarte.<\/p>\n\n\n\n<p class=\"wp-block-paragraph\">A a\u00e7\u00e3o, de acordo com o 38\u00ba BPM, teve car\u00e1ter preventivo, diante do risco que as linhas cortantes representam para a popula\u00e7\u00e3o, principalmente motociclistas, ciclistas e outras pessoas que circulam em \u00e1reas onde o material \u00e9 utilizado.<\/p>\n\n\n\n<p class=\"wp-block-paragraph\">O alerta ganhou ainda mais import\u00e2ncia neste m\u00eas ap\u00f3s registros de acidentes fatais envolvendo linhas cortantes em diferentes regi\u00f5es do pa\u00eds. Entre os casos est\u00e3o a morte de um coronel do Ex\u00e9rcito ap\u00f3s um acidente de parapente no Rio de Janeiro, de um piloto de paramotor em Itanha\u00e9m, no litoral de S\u00e3o Paulo, e de um motociclista atingido por uma linha chilena na Rodovia Rio-Mag\u00e9, em Duque de Caxias.<\/p>\n\n\n\n<p class=\"wp-block-paragraph\">As autoridades refor\u00e7am que a\u00e7\u00f5es de fiscaliza\u00e7\u00e3o s\u00e3o importantes para retirar de circula\u00e7\u00e3o materiais capazes de provocar ferimentos graves e at\u00e9 mortes.<\/p>\n","protected":false},"excerpt":{"rendered":"<p>Uma a\u00e7\u00e3o conjunta entre a Pol\u00edcia Militar e a Guarda Civil Municipal de Para\u00edba do Sul terminou com a apreens\u00e3o de sete carret\u00e9is de linha chilena neste domingo (30). A opera\u00e7\u00e3o aconteceu durante um evento realizado no Santu\u00e1rio Bom Jesus de Matozinhos. Segundo as autoridades, as equipes foram ao local [&hellip;]<\/p>\n","protected":false},"author":1,"featured_media":30417,"comment_status":"open","ping_status":"closed","sticky":false,"template":"","format":"standard","meta":{"_seopress_titles_title":"","_seopress_titles_desc":"","_seopress_robots_index":"","_seopress_robots_follow":"","_seopress_robots_imageindex":"","_seopress_robots_snippet":"","_seopress_robots_primary_cat":"","_seopress_robots_breadcrumbs":"","_seopress_robots_freeze_modified_date":"","_seopress_robots_custom_modified_date":"","_seopress_robots_canonical":"","_seopress_social_fb_title":"","_seopress_social_fb_desc":"","_seopress_social_fb_img":"","_seopress_social_fb_img_attachment_id":0,"_seopress_social_fb_img_width":0,"_seopress_social_fb_img_height":0,"_seopress_social_twitter_title":"","_seopress_social_twitter_desc":"","_seopress_social_twitter_img":"","_seopress_social_twitter_img_attachment_id":0,"_seopress_social_twitter_img_width":0,"_seopress_social_twitter_img_height":0,"_seopress_redirections_value":"","_seopress_redirections_enabled":"","_seopress_redirections_enabled_regex":"","_seopress_redirections_logged_status":"","_seopress_redirections_param":"","_seopress_redirections_type":0,"_seopress_analysis_target_kw":"","footnotes":""},"categories":[51,53],"tags":[],"class_list":["post-30416","post","type-post","status-publish","format-standard","has-post-thumbnail","hentry","category-paraiba-do-sul","category-policia"],"_links":{"self":[{"href":"https:\/\/www.jornalponto.com\/site\/wp-json\/wp\/v2\/posts\/30416","targetHints":{"allow":["GET"]}}],"collection":[{"href":"https:\/\/www.jornalponto.com\/site\/wp-json\/wp\/v2\/posts"}],"about":[{"href":"https:\/\/www.jornalponto.com\/site\/wp-json\/wp\/v2\/types\/post"}],"author":[{"embeddable":true,"href":"https:\/\/www.jornalponto.com\/site\/wp-json\/wp\/v2\/users\/1"}],"replies":[{"embeddable":true,"href":"https:\/\/www.jornalponto.com\/site\/wp-json\/wp\/v2\/comments?post=30416"}],"version-history":[{"count":1,"href":"https:\/\/www.jornalponto.com\/site\/wp-json\/wp\/v2\/posts\/30416\/revisions"}],"predecessor-version":[{"id":30418,"href":"https:\/\/www.jornalponto.com\/site\/wp-json\/wp\/v2\/posts\/30416\/revisions\/30418"}],"wp:featuredmedia":[{"embeddable":true,"href":"https:\/\/www.jornalponto.com\/site\/wp-json\/wp\/v2\/media\/30417"}],"wp:attachment":[{"href":"https:\/\/www.jornalponto.com\/site\/wp-json\/wp\/v2\/media?parent=30416"}],"wp:term":[{"taxonomy":"category","embeddable":true,"href":"https:\/\/www.jornalponto.com\/site\/wp-json\/wp\/v2\/categories?post=30416"},{"taxonomy":"post_tag","embeddable":true,"href":"https:\/\/www.jornalponto.com\/site\/wp-json\/wp\/v2\/tags?post=30416"}],"curies":[{"name":"wp","href":"https:\/\/api.w.org\/{rel}","templated":true}]}}