{"id":30418,"date":"2026-09-05T07:14:44","date_gmt":"2026-09-05T10:14:44","guid":{"rendered":"https:\/\/www.jornalponto.com\/site\/?p=30418"},"modified":"2026-09-05T07:14:47","modified_gmt":"2026-09-05T10:14:47","slug":"lideranca-do-comando-vermelho-na-bahia-e-presa-na-serra-das-araras","status":"publish","type":"post","link":"https:\/\/www.jornalponto.com\/site\/2026\/09\/05\/lideranca-do-comando-vermelho-na-bahia-e-presa-na-serra-das-araras\/","title":{"rendered":"Lideran\u00e7a do Comando Vermelho na Bahia \u00e9 presa na Serra das Araras"},"content":{"rendered":"\n<figure class=\"wp-block-image size-large is-resized\"><img alt=\"\" fetchpriority=\"high\" decoding=\"async\" width=\"1024\" height=\"640\" src=\"https:\/\/www.jornalponto.com\/site\/wp-content\/uploads\/2026\/09\/nino-brown-1024x640.jpeg\" alt=\"\" class=\"wp-image-30419\" style=\"width:503px;height:auto\" srcset=\"https:\/\/www.jornalponto.com\/site\/wp-content\/uploads\/2026\/09\/nino-brown-1024x640.jpeg 1024w, https:\/\/www.jornalponto.com\/site\/wp-content\/uploads\/2026\/09\/nino-brown-300x188.jpeg 300w, https:\/\/www.jornalponto.com\/site\/wp-content\/uploads\/2026\/09\/nino-brown-768x480.jpeg 768w, https:\/\/www.jornalponto.com\/site\/wp-content\/uploads\/2026\/09\/nino-brown.jpeg 1200w\" sizes=\"(max-width: 1024px) 100vw, 1024px\" \/><\/figure>\n\n\n\n<p class=\"wp-block-paragraph\">Um homem apontado pela Pol\u00edcia Civil como uma das lideran\u00e7as do Comando Vermelho (CV) na Bahia foi preso nesta sexta-feira (4), na Serra das Araras, no Sul Fluminense. Ele foi localizado em um carro de luxo enquanto seguia do Rio de Janeiro para S\u00e3o Paulo. Contra o suspeito havia um mandado de pris\u00e3o expedido pela Justi\u00e7a de Salvador.<\/p>\n\n\n\n<p class=\"wp-block-paragraph\"><a href=\"https:\/\/whatsapp.com\/channel\/0029Va9m4YZ9hXF07MKccN04\" target=\"_blank\" rel=\"noopener\"><strong>QUER RECEBER AS NOT\u00cdCIAS DA REGI\u00c3O EM TEMPO REAL? ACESSE NOSSO CANAL NO WHATSAPP CLICANDO AQUI<\/strong><\/a>\u00a0<\/p>\n\n\n\n<p class=\"wp-block-paragraph\">A pris\u00e3o foi realizada em uma opera\u00e7\u00e3o integrada entre a Delegacia de Repress\u00e3o \u00e0s A\u00e7\u00f5es Criminosas Organizadas e Inqu\u00e9ritos Especiais (Draco), a Pol\u00edcia Civil da Bahia e a Pol\u00edcia Rodovi\u00e1ria Federal. Informa\u00e7\u00f5es de intelig\u00eancia indicaram que o investigado estava escondido no Rio, permitindo que as equipes identificassem seu deslocamento e fizessem a abordagem antes que ele deixasse o estado.<\/p>\n\n\n\n<p class=\"wp-block-paragraph\">Segundo as investiga\u00e7\u00f5es, Marisson dos Santos Silva, conhecido como <strong>\u201cNino Braw\u201d ou \u201cNino\u201d<\/strong>, fazia parte do Bonde do Maluco (BDM), mas teria rompido com a fac\u00e7\u00e3o e passado a integrar o Comando Vermelho. A pol\u00edcia afirma que, mesmo escondido no Rio, ele teria assumido uma posi\u00e7\u00e3o de lideran\u00e7a e coordenado, \u00e0 dist\u00e2ncia, ataques contra integrantes e \u00e1reas controladas pelo antigo grupo na Bahia.<\/p>\n\n\n\n<p class=\"wp-block-paragraph\">O suspeito tamb\u00e9m \u00e9 investigado pela morte de um adolescente de 17 anos e por duas tentativas de homic\u00eddio, em crimes ocorridos na Bahia. A pris\u00e3o aconteceu no contexto da <strong>Opera\u00e7\u00e3o No Brown<\/strong>, conduzida pelas autoridades baianas.<\/p>\n\n\n\n<p class=\"wp-block-paragraph\">Ap\u00f3s a abordagem, o homem e o material apreendido foram encaminhados para a Cidade da Pol\u00edcia, no Rio de Janeiro. A a\u00e7\u00e3o, segundo as for\u00e7as de seguran\u00e7a, refor\u00e7a a import\u00e2ncia da integra\u00e7\u00e3o entre estados para localizar criminosos que tentam se esconder longe das regi\u00f5es onde atuam.<\/p>\n","protected":false},"excerpt":{"rendered":"<p>Um homem apontado pela Pol\u00edcia Civil como uma das lideran\u00e7as do Comando Vermelho (CV) na Bahia foi preso nesta sexta-feira (4), na Serra das Araras, no Sul Fluminense. Ele foi localizado em um carro de luxo enquanto seguia do Rio de Janeiro para S\u00e3o Paulo. Contra o suspeito havia um [&hellip;]<\/p>\n","protected":false},"author":4,"featured_media":30419,"comment_status":"open","ping_status":"closed","sticky":false,"template":"","format":"standard","meta":{"_seopress_titles_title":"","_seopress_titles_desc":"","_seopress_robots_index":"","_seopress_robots_follow":"","_seopress_robots_imageindex":"","_seopress_robots_snippet":"","_seopress_robots_primary_cat":"","_seopress_robots_breadcrumbs":"","_seopress_robots_freeze_modified_date":"","_seopress_robots_custom_modified_date":"","_seopress_robots_canonical":"","_seopress_social_fb_title":"","_seopress_social_fb_desc":"","_seopress_social_fb_img":"","_seopress_social_fb_img_attachment_id":0,"_seopress_social_fb_img_width":0,"_seopress_social_fb_img_height":0,"_seopress_social_twitter_title":"","_seopress_social_twitter_desc":"","_seopress_social_twitter_img":"","_seopress_social_twitter_img_attachment_id":0,"_seopress_social_twitter_img_width":0,"_seopress_social_twitter_img_height":0,"_seopress_redirections_value":"","_seopress_redirections_enabled":"","_seopress_redirections_enabled_regex":"","_seopress_redirections_logged_status":"","_seopress_redirections_param":"","_seopress_redirections_type":0,"_seopress_analysis_target_kw":"","footnotes":""},"categories":[37,53],"tags":[],"class_list":["post-30418","post","type-post","status-publish","format-standard","has-post-thumbnail","hentry","category-pirai","category-policia"],"_links":{"self":[{"href":"https:\/\/www.jornalponto.com\/site\/wp-json\/wp\/v2\/posts\/30418","targetHints":{"allow":["GET"]}}],"collection":[{"href":"https:\/\/www.jornalponto.com\/site\/wp-json\/wp\/v2\/posts"}],"about":[{"href":"https:\/\/www.jornalponto.com\/site\/wp-json\/wp\/v2\/types\/post"}],"author":[{"embeddable":true,"href":"https:\/\/www.jornalponto.com\/site\/wp-json\/wp\/v2\/users\/4"}],"replies":[{"embeddable":true,"href":"https:\/\/www.jornalponto.com\/site\/wp-json\/wp\/v2\/comments?post=30418"}],"version-history":[{"count":1,"href":"https:\/\/www.jornalponto.com\/site\/wp-json\/wp\/v2\/posts\/30418\/revisions"}],"predecessor-version":[{"id":30420,"href":"https:\/\/www.jornalponto.com\/site\/wp-json\/wp\/v2\/posts\/30418\/revisions\/30420"}],"wp:featuredmedia":[{"embeddable":true,"href":"https:\/\/www.jornalponto.com\/site\/wp-json\/wp\/v2\/media\/30419"}],"wp:attachment":[{"href":"https:\/\/www.jornalponto.com\/site\/wp-json\/wp\/v2\/media?parent=30418"}],"wp:term":[{"taxonomy":"category","embeddable":true,"href":"https:\/\/www.jornalponto.com\/site\/wp-json\/wp\/v2\/categories?post=30418"},{"taxonomy":"post_tag","embeddable":true,"href":"https:\/\/www.jornalponto.com\/site\/wp-json\/wp\/v2\/tags?post=30418"}],"curies":[{"name":"wp","href":"https:\/\/api.w.org\/{rel}","templated":true}]}}