{"id":30419,"date":"2026-08-31T09:31:04","date_gmt":"2026-08-31T12:31:04","guid":{"rendered":"https:\/\/www.jornalponto.com\/site\/?p=30419"},"modified":"2026-08-31T09:31:07","modified_gmt":"2026-08-31T12:31:07","slug":"arma-pertencente-a-policia-civil-de-sao-paulo-e-recuperada-em-itatiaia","status":"publish","type":"post","link":"https:\/\/www.jornalponto.com\/site\/2026\/08\/31\/arma-pertencente-a-policia-civil-de-sao-paulo-e-recuperada-em-itatiaia\/","title":{"rendered":"Arma pertencente \u00e0 Pol\u00edcia Civil de S\u00e3o Paulo \u00e9 recuperada em Itatiaia"},"content":{"rendered":"\n<figure class=\"wp-block-image size-large is-resized\"><img alt=\"\" fetchpriority=\"high\" decoding=\"async\" width=\"768\" height=\"1024\" src=\"https:\/\/www.jornalponto.com\/site\/wp-content\/uploads\/2026\/08\/arma-civil-ita-768x1024-1.jpg\" alt=\"\" class=\"wp-image-30420\" style=\"width:510px;height:auto\" srcset=\"https:\/\/www.jornalponto.com\/site\/wp-content\/uploads\/2026\/08\/arma-civil-ita-768x1024-1.jpg 768w, https:\/\/www.jornalponto.com\/site\/wp-content\/uploads\/2026\/08\/arma-civil-ita-225x300.jpg 225w, https:\/\/www.jornalponto.com\/site\/wp-content\/uploads\/2026\/08\/arma-civil-ita-1152x1536.jpg 1152w, https:\/\/www.jornalponto.com\/site\/wp-content\/uploads\/2026\/08\/arma-civil-ita.jpg 1200w\" sizes=\"(max-width: 768px) 100vw, 768px\" \/><\/figure>\n\n\n\n<p class=\"wp-block-paragraph\">SACODE POL\u00cdCIA Com Tico Balan\u00e7o<\/p>\n\n\n\n<p class=\"wp-block-paragraph\"><br>Adolescente \u00e9 apreendido<br>Um adolescente de 15 anos foi apreendido com uma arma de fogo municiada na manh\u00e3 de s\u00e1bado (29), na Rua Juliana Campos Neves, na Vila Esperan\u00e7a, regi\u00e3o da Linha Velha, em Itatiaia.<br>Segundo a Pol\u00edcia Militar, uma equipe do Grupamento de A\u00e7\u00f5es T\u00e1ticas (GAT) do 37\u00ba BPM realizava patrulhamento pelo local por volta das 11h30 quando avistou um indiv\u00edduo portando uma carabina calibre 12. Ao perceber a aproxima\u00e7\u00e3o da viatura, o adolescente teria fugido e entrado em uma resid\u00eancia.<br>Os policiais seguiram o jovem e conseguiram abord\u00e1-lo. Ainda conforme a PM, antes da abordagem ele teria arremessado a arma no im\u00f3vel vizinho. O armamento foi localizado e apreendido com sete muni\u00e7\u00f5es. A arma estaria registrada como pertencente \u00e0 Pol\u00edcia Civil de S\u00e3o Paulo. As circunst\u00e2ncias do suposto desvio ainda ser\u00e3o apuradas.<br>O menor foi encaminhado \u00e0 99\u00aa DP. A ocorr\u00eancia foi conduzida pela guarni\u00e7\u00e3o composta pelo sargento Ribeiro, conhecido como \u201cJapinha\u201d; sargento L. Vieira, o \u201cM\u00e3o de Luva\u201d; cabo Pinheiro, o \u201cTatu-Bola\u201d; e soldado Monsores, o \u201cMini M\u00e3o\u201d.<\/p>\n","protected":false},"excerpt":{"rendered":"<p>SACODE POL\u00cdCIA Com Tico Balan\u00e7o Adolescente \u00e9 apreendidoUm adolescente de 15 anos foi apreendido com uma arma de fogo municiada na manh\u00e3 de s\u00e1bado (29), na Rua Juliana Campos Neves, na Vila Esperan\u00e7a, regi\u00e3o da Linha Velha, em Itatiaia.Segundo a Pol\u00edcia Militar, uma equipe do Grupamento de A\u00e7\u00f5es T\u00e1ticas (GAT) [&hellip;]<\/p>\n","protected":false},"author":1,"featured_media":30420,"comment_status":"open","ping_status":"closed","sticky":false,"template":"","format":"standard","meta":{"_seopress_titles_title":"","_seopress_titles_desc":"","_seopress_robots_index":"","_seopress_robots_follow":"","_seopress_robots_imageindex":"","_seopress_robots_snippet":"","_seopress_robots_primary_cat":"","_seopress_robots_breadcrumbs":"","_seopress_robots_freeze_modified_date":"","_seopress_robots_custom_modified_date":"","_seopress_robots_canonical":"","_seopress_social_fb_title":"","_seopress_social_fb_desc":"","_seopress_social_fb_img":"","_seopress_social_fb_img_attachment_id":0,"_seopress_social_fb_img_width":0,"_seopress_social_fb_img_height":0,"_seopress_social_twitter_title":"","_seopress_social_twitter_desc":"","_seopress_social_twitter_img":"","_seopress_social_twitter_img_attachment_id":0,"_seopress_social_twitter_img_width":0,"_seopress_social_twitter_img_height":0,"_seopress_redirections_value":"","_seopress_redirections_enabled":"","_seopress_redirections_enabled_regex":"","_seopress_redirections_logged_status":"","_seopress_redirections_param":"","_seopress_redirections_type":0,"_seopress_analysis_target_kw":"","footnotes":""},"categories":[43,90,72],"tags":[],"class_list":["post-30419","post","type-post","status-publish","format-standard","has-post-thumbnail","hentry","category-itatiaia","category-sacode-policia","category-ultimas"],"_links":{"self":[{"href":"https:\/\/www.jornalponto.com\/site\/wp-json\/wp\/v2\/posts\/30419","targetHints":{"allow":["GET"]}}],"collection":[{"href":"https:\/\/www.jornalponto.com\/site\/wp-json\/wp\/v2\/posts"}],"about":[{"href":"https:\/\/www.jornalponto.com\/site\/wp-json\/wp\/v2\/types\/post"}],"author":[{"embeddable":true,"href":"https:\/\/www.jornalponto.com\/site\/wp-json\/wp\/v2\/users\/1"}],"replies":[{"embeddable":true,"href":"https:\/\/www.jornalponto.com\/site\/wp-json\/wp\/v2\/comments?post=30419"}],"version-history":[{"count":1,"href":"https:\/\/www.jornalponto.com\/site\/wp-json\/wp\/v2\/posts\/30419\/revisions"}],"predecessor-version":[{"id":30421,"href":"https:\/\/www.jornalponto.com\/site\/wp-json\/wp\/v2\/posts\/30419\/revisions\/30421"}],"wp:featuredmedia":[{"embeddable":true,"href":"https:\/\/www.jornalponto.com\/site\/wp-json\/wp\/v2\/media\/30420"}],"wp:attachment":[{"href":"https:\/\/www.jornalponto.com\/site\/wp-json\/wp\/v2\/media?parent=30419"}],"wp:term":[{"taxonomy":"category","embeddable":true,"href":"https:\/\/www.jornalponto.com\/site\/wp-json\/wp\/v2\/categories?post=30419"},{"taxonomy":"post_tag","embeddable":true,"href":"https:\/\/www.jornalponto.com\/site\/wp-json\/wp\/v2\/tags?post=30419"}],"curies":[{"name":"wp","href":"https:\/\/api.w.org\/{rel}","templated":true}]}}