{"id":30421,"date":"2026-09-05T14:13:46","date_gmt":"2026-09-05T17:13:46","guid":{"rendered":"https:\/\/www.jornalponto.com\/site\/?p=30421"},"modified":"2026-09-05T14:13:50","modified_gmt":"2026-09-05T17:13:50","slug":"idosa-de-77-anos-e-atropelada-por-motocicleta-em-volta-redonda","status":"publish","type":"post","link":"https:\/\/www.jornalponto.com\/site\/2026\/09\/05\/idosa-de-77-anos-e-atropelada-por-motocicleta-em-volta-redonda\/","title":{"rendered":"Idosa de 77 anos \u00e9 atropelada por motocicleta em Volta Redonda"},"content":{"rendered":"\n<p class=\"wp-block-paragraph\">Uma mulher de 77 anos foi atropelada por uma motocicleta na manh\u00e3 deste s\u00e1bado (5), no bairro 207, em Volta Redonda. O acidente aconteceu por volta das 7h50.<\/p>\n\n\n\n<p class=\"wp-block-paragraph\"><a href=\"https:\/\/whatsapp.com\/channel\/0029Va9m4YZ9hXF07MKccN04\" target=\"_blank\" rel=\"noopener\"><strong>QUER RECEBER AS NOT\u00cdCIAS DA REGI\u00c3O EM TEMPO REAL? ACESSE NOSSO CANAL NO WHATSAPP CLICANDO AQUI<\/strong><\/a>\u00a0<\/p>\n\n\n\n<p class=\"wp-block-paragraph\">Segundo a Secretaria Municipal de Ordem P\u00fablica (SEMOP), a idosa atravessava a rua quando foi atingida pela moto.<\/p>\n\n\n\n<p class=\"wp-block-paragraph\">A v\u00edtima reclamava de dores pelo corpo e apresentava um corte em uma das pernas. Ela recebeu atendimento do Samu e foi encaminhada ao Hospital S\u00e3o Jo\u00e3o Batista.<\/p>\n\n\n\n<p class=\"wp-block-paragraph\">O motociclista tamb\u00e9m ficou ferido, com escoria\u00e7\u00f5es nas m\u00e3os, nos bra\u00e7os e nas pernas, mas recusou atendimento m\u00e9dico no local.<\/p>\n\n\n\n<p class=\"wp-block-paragraph\">De acordo com o hospital, a idosa est\u00e1 em <strong>estado est\u00e1vel<\/strong>, mas permanece internada para a realiza\u00e7\u00e3o de exames.<\/p>\n","protected":false},"excerpt":{"rendered":"<p>Uma mulher de 77 anos foi atropelada por uma motocicleta na manh\u00e3 deste s\u00e1bado (5), no bairro 207, em Volta Redonda. O acidente aconteceu por volta das 7h50. QUER RECEBER AS NOT\u00cdCIAS DA REGI\u00c3O EM TEMPO REAL? ACESSE NOSSO CANAL NO WHATSAPP CLICANDO AQUI\u00a0 Segundo a Secretaria Municipal de Ordem [&hellip;]<\/p>\n","protected":false},"author":4,"featured_media":18159,"comment_status":"open","ping_status":"closed","sticky":false,"template":"","format":"standard","meta":{"_seopress_titles_title":"","_seopress_titles_desc":"","_seopress_robots_index":"","_seopress_robots_follow":"","_seopress_robots_imageindex":"","_seopress_robots_snippet":"","_seopress_robots_primary_cat":"","_seopress_robots_breadcrumbs":"","_seopress_robots_freeze_modified_date":"","_seopress_robots_custom_modified_date":"","_seopress_robots_canonical":"","_seopress_social_fb_title":"","_seopress_social_fb_desc":"","_seopress_social_fb_img":"","_seopress_social_fb_img_attachment_id":0,"_seopress_social_fb_img_width":0,"_seopress_social_fb_img_height":0,"_seopress_social_twitter_title":"","_seopress_social_twitter_desc":"","_seopress_social_twitter_img":"","_seopress_social_twitter_img_attachment_id":0,"_seopress_social_twitter_img_width":0,"_seopress_social_twitter_img_height":0,"_seopress_redirections_value":"","_seopress_redirections_enabled":"","_seopress_redirections_enabled_regex":"","_seopress_redirections_logged_status":"","_seopress_redirections_param":"","_seopress_redirections_type":0,"_seopress_analysis_target_kw":"","footnotes":""},"categories":[69,72,34],"tags":[],"class_list":["post-30421","post","type-post","status-publish","format-standard","has-post-thumbnail","hentry","category-cidades","category-ultimas","category-volta-redonda"],"_links":{"self":[{"href":"https:\/\/www.jornalponto.com\/site\/wp-json\/wp\/v2\/posts\/30421","targetHints":{"allow":["GET"]}}],"collection":[{"href":"https:\/\/www.jornalponto.com\/site\/wp-json\/wp\/v2\/posts"}],"about":[{"href":"https:\/\/www.jornalponto.com\/site\/wp-json\/wp\/v2\/types\/post"}],"author":[{"embeddable":true,"href":"https:\/\/www.jornalponto.com\/site\/wp-json\/wp\/v2\/users\/4"}],"replies":[{"embeddable":true,"href":"https:\/\/www.jornalponto.com\/site\/wp-json\/wp\/v2\/comments?post=30421"}],"version-history":[{"count":1,"href":"https:\/\/www.jornalponto.com\/site\/wp-json\/wp\/v2\/posts\/30421\/revisions"}],"predecessor-version":[{"id":30422,"href":"https:\/\/www.jornalponto.com\/site\/wp-json\/wp\/v2\/posts\/30421\/revisions\/30422"}],"wp:featuredmedia":[{"embeddable":true,"href":"https:\/\/www.jornalponto.com\/site\/wp-json\/wp\/v2\/media\/18159"}],"wp:attachment":[{"href":"https:\/\/www.jornalponto.com\/site\/wp-json\/wp\/v2\/media?parent=30421"}],"wp:term":[{"taxonomy":"category","embeddable":true,"href":"https:\/\/www.jornalponto.com\/site\/wp-json\/wp\/v2\/categories?post=30421"},{"taxonomy":"post_tag","embeddable":true,"href":"https:\/\/www.jornalponto.com\/site\/wp-json\/wp\/v2\/tags?post=30421"}],"curies":[{"name":"wp","href":"https:\/\/api.w.org\/{rel}","templated":true}]}}