{"id":30422,"date":"2026-08-31T09:57:21","date_gmt":"2026-08-31T12:57:21","guid":{"rendered":"https:\/\/www.jornalponto.com\/site\/?p=30422"},"modified":"2026-08-31T09:57:22","modified_gmt":"2026-08-31T12:57:22","slug":"mulher-e-ferida-a-faca-dentro-de-abrigo-em-barra-do-pirai-outra-abrigada-e-presa","status":"publish","type":"post","link":"https:\/\/www.jornalponto.com\/site\/2026\/08\/31\/mulher-e-ferida-a-faca-dentro-de-abrigo-em-barra-do-pirai-outra-abrigada-e-presa\/","title":{"rendered":"Mulher \u00e9 ferida a faca dentro de abrigo em Barra do Pira\u00ed; outra abrigada \u00e9 presa"},"content":{"rendered":"\n<p class=\"wp-block-paragraph\">Uma mulher de 45 anos ficou ferida ap\u00f3s ser atacada com uma faca por outra mulher dentro de um abrigo particular, no distrito de Dor\u00e2ndia, em Barra do Pira\u00ed. O caso aconteceu na tarde deste domingo (30).<\/p>\n\n\n\n<p class=\"wp-block-paragraph\">Segundo a Pol\u00edcia Militar, a v\u00edtima foi socorrida por funcion\u00e1rios da pr\u00f3pria institui\u00e7\u00e3o e levada para a Santa Casa de Barra do Pira\u00ed, onde permaneceu internada. O estado de sa\u00fade dela n\u00e3o foi divulgado.<\/p>\n\n\n\n<p class=\"wp-block-paragraph\">A suspeita, de 53 anos, tamb\u00e9m era acolhida no local. O abrigo atende exclusivamente mulheres com defici\u00eancia.<\/p>\n\n\n\n<p class=\"wp-block-paragraph\">Ap\u00f3s o ataque, a mulher foi conduzida \u00e0 delegacia de Barra do Pira\u00ed, acompanhada por uma funcion\u00e1ria da institui\u00e7\u00e3o. A faca utilizada na agress\u00e3o foi apreendida pelos policiais.<\/p>\n\n\n\n<p class=\"wp-block-paragraph\">O delegado de plant\u00e3o determinou a pris\u00e3o em flagrante da suspeita por tentativa de homic\u00eddio. O caso segue sob investiga\u00e7\u00e3o da Pol\u00edcia Civil para esclarecer as circunst\u00e2ncias e a motiva\u00e7\u00e3o do ataque.<\/p>\n","protected":false},"excerpt":{"rendered":"<p>Uma mulher de 45 anos ficou ferida ap\u00f3s ser atacada com uma faca por outra mulher dentro de um abrigo particular, no distrito de Dor\u00e2ndia, em Barra do Pira\u00ed. O caso aconteceu na tarde deste domingo (30). Segundo a Pol\u00edcia Militar, a v\u00edtima foi socorrida por funcion\u00e1rios da pr\u00f3pria institui\u00e7\u00e3o [&hellip;]<\/p>\n","protected":false},"author":1,"featured_media":23819,"comment_status":"open","ping_status":"closed","sticky":false,"template":"","format":"standard","meta":{"_seopress_titles_title":"","_seopress_titles_desc":"","_seopress_robots_index":"","_seopress_robots_follow":"","_seopress_robots_imageindex":"","_seopress_robots_snippet":"","_seopress_robots_primary_cat":"","_seopress_robots_breadcrumbs":"","_seopress_robots_freeze_modified_date":"","_seopress_robots_custom_modified_date":"","_seopress_robots_canonical":"","_seopress_social_fb_title":"","_seopress_social_fb_desc":"","_seopress_social_fb_img":"","_seopress_social_fb_img_attachment_id":0,"_seopress_social_fb_img_width":0,"_seopress_social_fb_img_height":0,"_seopress_social_twitter_title":"","_seopress_social_twitter_desc":"","_seopress_social_twitter_img":"","_seopress_social_twitter_img_attachment_id":0,"_seopress_social_twitter_img_width":0,"_seopress_social_twitter_img_height":0,"_seopress_redirections_value":"","_seopress_redirections_enabled":"","_seopress_redirections_enabled_regex":"","_seopress_redirections_logged_status":"","_seopress_redirections_param":"","_seopress_redirections_type":0,"_seopress_analysis_target_kw":"","footnotes":""},"categories":[48,53],"tags":[],"class_list":["post-30422","post","type-post","status-publish","format-standard","has-post-thumbnail","hentry","category-barra-do-pirai","category-policia"],"_links":{"self":[{"href":"https:\/\/www.jornalponto.com\/site\/wp-json\/wp\/v2\/posts\/30422","targetHints":{"allow":["GET"]}}],"collection":[{"href":"https:\/\/www.jornalponto.com\/site\/wp-json\/wp\/v2\/posts"}],"about":[{"href":"https:\/\/www.jornalponto.com\/site\/wp-json\/wp\/v2\/types\/post"}],"author":[{"embeddable":true,"href":"https:\/\/www.jornalponto.com\/site\/wp-json\/wp\/v2\/users\/1"}],"replies":[{"embeddable":true,"href":"https:\/\/www.jornalponto.com\/site\/wp-json\/wp\/v2\/comments?post=30422"}],"version-history":[{"count":1,"href":"https:\/\/www.jornalponto.com\/site\/wp-json\/wp\/v2\/posts\/30422\/revisions"}],"predecessor-version":[{"id":30423,"href":"https:\/\/www.jornalponto.com\/site\/wp-json\/wp\/v2\/posts\/30422\/revisions\/30423"}],"wp:featuredmedia":[{"embeddable":true,"href":"https:\/\/www.jornalponto.com\/site\/wp-json\/wp\/v2\/media\/23819"}],"wp:attachment":[{"href":"https:\/\/www.jornalponto.com\/site\/wp-json\/wp\/v2\/media?parent=30422"}],"wp:term":[{"taxonomy":"category","embeddable":true,"href":"https:\/\/www.jornalponto.com\/site\/wp-json\/wp\/v2\/categories?post=30422"},{"taxonomy":"post_tag","embeddable":true,"href":"https:\/\/www.jornalponto.com\/site\/wp-json\/wp\/v2\/tags?post=30422"}],"curies":[{"name":"wp","href":"https:\/\/api.w.org\/{rel}","templated":true}]}}