{"id":30429,"date":"2026-09-05T16:39:04","date_gmt":"2026-09-05T19:39:04","guid":{"rendered":"https:\/\/www.jornalponto.com\/site\/?p=30429"},"modified":"2026-09-05T16:39:07","modified_gmt":"2026-09-05T19:39:07","slug":"perseguicao-na-dutra-termina-com-apreensao-de-232-quilos-de-maconha-em-barra-mansa","status":"publish","type":"post","link":"https:\/\/www.jornalponto.com\/site\/2026\/09\/05\/perseguicao-na-dutra-termina-com-apreensao-de-232-quilos-de-maconha-em-barra-mansa\/","title":{"rendered":"Persegui\u00e7\u00e3o na Dutra termina com apreens\u00e3o de 232 quilos de maconha em Barra Mansa"},"content":{"rendered":"\n<figure class=\"wp-block-image size-full is-resized\"><img alt=\"\" fetchpriority=\"high\" decoding=\"async\" width=\"690\" height=\"420\" src=\"https:\/\/www.jornalponto.com\/site\/wp-content\/uploads\/2026\/09\/PERSEGUICAO-BM.jpeg\" alt=\"\" class=\"wp-image-30430\" style=\"width:567px;height:auto\" srcset=\"https:\/\/www.jornalponto.com\/site\/wp-content\/uploads\/2026\/09\/PERSEGUICAO-BM.jpeg 690w, https:\/\/www.jornalponto.com\/site\/wp-content\/uploads\/2026\/09\/PERSEGUICAO-BM-300x183.jpeg 300w\" sizes=\"(max-width: 690px) 100vw, 690px\" \/><\/figure>\n\n\n\n<p class=\"wp-block-paragraph\">Uma persegui\u00e7\u00e3o da Pol\u00edcia Rodovi\u00e1ria Federal terminou com a apreens\u00e3o de <strong>232 quilos de maconha<\/strong> na tarde deste s\u00e1bado (5), em Barra Mansa. O ve\u00edculo utilizado no transporte da droga saiu da pista e capotou \u00e0s margens da Rodovia Presidente Dutra. O motorista conseguiu escapar a p\u00e9 e n\u00e3o havia sido localizado at\u00e9 o fim da ocorr\u00eancia.<\/p>\n\n\n\n<p class=\"wp-block-paragraph\"><a href=\"https:\/\/whatsapp.com\/channel\/0029Va9m4YZ9hXF07MKccN04\" target=\"_blank\" rel=\"noopener\"><strong>QUER RECEBER AS NOT\u00cdCIAS DA REGI\u00c3O EM TEMPO REAL? ACESSE NOSSO CANAL NO WHATSAPP CLICANDO AQUI<\/strong><\/a>\u00a0<\/p>\n\n\n\n<p class=\"wp-block-paragraph\">Segundo a PRF, a abordagem come\u00e7ou por volta das 13h30, na altura do km 293, no sentido Rio de Janeiro. Os agentes deram ordem de parada ao condutor de um Fiat Uno com placas de S\u00e3o Paulo, mas ele acelerou e fugiu em alta velocidade.<\/p>\n\n\n\n<p class=\"wp-block-paragraph\">A persegui\u00e7\u00e3o se estendeu por aproximadamente 10 quil\u00f4metros. Equipes que participavam da Opera\u00e7\u00e3o Independ\u00eancia foram mobilizadas para refor\u00e7ar o cerco. J\u00e1 no km 283, pr\u00f3ximo ao acesso de uma empresa, os policiais perderam o ve\u00edculo de vista.<\/p>\n\n\n\n<p class=\"wp-block-paragraph\">Durante as buscas, o carro foi encontrado dentro de uma valeta de drenagem, depois de ter capotado em uma ribanceira. A suspeita \u00e9 de que o motorista tenha entrado por engano no acesso da empresa e, ao se deparar com o port\u00e3o, tentado desviar, perdido o controle da dire\u00e7\u00e3o e provocado o acidente.<\/p>\n\n\n\n<p class=\"wp-block-paragraph\">Quando os agentes chegaram ao local, o condutor j\u00e1 havia abandonado o ve\u00edculo e fugido em dire\u00e7\u00e3o a uma \u00e1rea de mata. As equipes fizeram buscas nas proximidades, mas n\u00e3o conseguiram encontr\u00e1-lo.<\/p>\n\n\n\n<p class=\"wp-block-paragraph\">Na vistoria do autom\u00f3vel, os policiais localizaram <strong>232 tabletes de maconha<\/strong>, cada um com aproximadamente um quilo.<\/p>\n\n\n\n<p class=\"wp-block-paragraph\">Com o aux\u00edlio de guinchos da concession\u00e1ria respons\u00e1vel pela rodovia, o Fiat Uno foi retirado da valeta. O ve\u00edculo e a droga foram encaminhados para a delegacia de Barra Mansa, onde o caso foi registrado.<\/p>\n","protected":false},"excerpt":{"rendered":"<p>Uma persegui\u00e7\u00e3o da Pol\u00edcia Rodovi\u00e1ria Federal terminou com a apreens\u00e3o de 232 quilos de maconha na tarde deste s\u00e1bado (5), em Barra Mansa. O ve\u00edculo utilizado no transporte da droga saiu da pista e capotou \u00e0s margens da Rodovia Presidente Dutra. O motorista conseguiu escapar a p\u00e9 e n\u00e3o havia [&hellip;]<\/p>\n","protected":false},"author":4,"featured_media":30430,"comment_status":"open","ping_status":"closed","sticky":false,"template":"","format":"standard","meta":{"_seopress_titles_title":"","_seopress_titles_desc":"","_seopress_robots_index":"","_seopress_robots_follow":"","_seopress_robots_imageindex":"","_seopress_robots_snippet":"","_seopress_robots_primary_cat":"","_seopress_robots_breadcrumbs":"","_seopress_robots_freeze_modified_date":"","_seopress_robots_custom_modified_date":"","_seopress_robots_canonical":"","_seopress_social_fb_title":"","_seopress_social_fb_desc":"","_seopress_social_fb_img":"","_seopress_social_fb_img_attachment_id":0,"_seopress_social_fb_img_width":0,"_seopress_social_fb_img_height":0,"_seopress_social_twitter_title":"","_seopress_social_twitter_desc":"","_seopress_social_twitter_img":"","_seopress_social_twitter_img_attachment_id":0,"_seopress_social_twitter_img_width":0,"_seopress_social_twitter_img_height":0,"_seopress_redirections_value":"","_seopress_redirections_enabled":"","_seopress_redirections_enabled_regex":"","_seopress_redirections_logged_status":"","_seopress_redirections_param":"","_seopress_redirections_type":0,"_seopress_analysis_target_kw":"","footnotes":""},"categories":[35,32,90],"tags":[],"class_list":["post-30429","post","type-post","status-publish","format-standard","has-post-thumbnail","hentry","category-barra-mansa","category-destaque","category-sacode-policia"],"_links":{"self":[{"href":"https:\/\/www.jornalponto.com\/site\/wp-json\/wp\/v2\/posts\/30429","targetHints":{"allow":["GET"]}}],"collection":[{"href":"https:\/\/www.jornalponto.com\/site\/wp-json\/wp\/v2\/posts"}],"about":[{"href":"https:\/\/www.jornalponto.com\/site\/wp-json\/wp\/v2\/types\/post"}],"author":[{"embeddable":true,"href":"https:\/\/www.jornalponto.com\/site\/wp-json\/wp\/v2\/users\/4"}],"replies":[{"embeddable":true,"href":"https:\/\/www.jornalponto.com\/site\/wp-json\/wp\/v2\/comments?post=30429"}],"version-history":[{"count":1,"href":"https:\/\/www.jornalponto.com\/site\/wp-json\/wp\/v2\/posts\/30429\/revisions"}],"predecessor-version":[{"id":30431,"href":"https:\/\/www.jornalponto.com\/site\/wp-json\/wp\/v2\/posts\/30429\/revisions\/30431"}],"wp:featuredmedia":[{"embeddable":true,"href":"https:\/\/www.jornalponto.com\/site\/wp-json\/wp\/v2\/media\/30430"}],"wp:attachment":[{"href":"https:\/\/www.jornalponto.com\/site\/wp-json\/wp\/v2\/media?parent=30429"}],"wp:term":[{"taxonomy":"category","embeddable":true,"href":"https:\/\/www.jornalponto.com\/site\/wp-json\/wp\/v2\/categories?post=30429"},{"taxonomy":"post_tag","embeddable":true,"href":"https:\/\/www.jornalponto.com\/site\/wp-json\/wp\/v2\/tags?post=30429"}],"curies":[{"name":"wp","href":"https:\/\/api.w.org\/{rel}","templated":true}]}}