{"id":30432,"date":"2026-08-31T15:43:10","date_gmt":"2026-08-31T18:43:10","guid":{"rendered":"https:\/\/www.jornalponto.com\/site\/?p=30432"},"modified":"2026-08-31T15:43:14","modified_gmt":"2026-08-31T18:43:14","slug":"jovem-de-24-anos-morre-durante-prova-de-mountain-bike-em-resende","status":"publish","type":"post","link":"https:\/\/www.jornalponto.com\/site\/2026\/08\/31\/jovem-de-24-anos-morre-durante-prova-de-mountain-bike-em-resende\/","title":{"rendered":"Jovem de 24 anos morre durante prova de mountain bike em Resende"},"content":{"rendered":"\n<figure class=\"wp-block-image size-full is-resized\"><img alt=\"\" fetchpriority=\"high\" decoding=\"async\" width=\"1000\" height=\"969\" src=\"https:\/\/www.jornalponto.com\/site\/wp-content\/uploads\/2026\/08\/JOVEM-ATLETA-RESENDE.jpg\" alt=\"\" class=\"wp-image-30433\" style=\"aspect-ratio:1.0320004607144915;width:400px;height:auto\" srcset=\"https:\/\/www.jornalponto.com\/site\/wp-content\/uploads\/2026\/08\/JOVEM-ATLETA-RESENDE.jpg 1000w, https:\/\/www.jornalponto.com\/site\/wp-content\/uploads\/2026\/08\/JOVEM-ATLETA-RESENDE-300x291.jpg 300w, https:\/\/www.jornalponto.com\/site\/wp-content\/uploads\/2026\/08\/JOVEM-ATLETA-RESENDE-768x744.jpg 768w\" sizes=\"(max-width: 1000px) 100vw, 1000px\" \/><\/figure>\n\n\n\n<p class=\"wp-block-paragraph\">Um jovem de 24 anos morreu neste domingo (30) durante uma prova de mountain bike realizada em Resende, no Sul do Rio de Janeiro. A v\u00edtima foi identificada como Richard Eduardo Freitas da Silva, morador do bairro Jardim Alian\u00e7a.<\/p>\n\n\n\n<p class=\"wp-block-paragraph\">Segundo informa\u00e7\u00f5es divulgadas sobre o caso, Richard participava da competi\u00e7\u00e3o quando passou mal. Ele chegou a ser socorrido e encaminhado para uma unidade de sa\u00fade, mas n\u00e3o resistiu.<\/p>\n\n\n\n<p class=\"wp-block-paragraph\"><a href=\"https:\/\/whatsapp.com\/channel\/0029Va9m4YZ9hXF07MKccN04\" target=\"_blank\" rel=\"noopener\"><strong>QUER RECEBER AS NOT\u00cdCIAS DA REGI\u00c3O EM TEMPO REAL? ACESSE NOSSO CANAL NO WHATSAPP CLICANDO AQUI<\/strong><\/a>\u00a0<\/p>\n\n\n\n<p class=\"wp-block-paragraph\">A causa da morte ainda n\u00e3o foi esclarecida e dever\u00e1 ser apurada pelas autoridades. O corpo foi levado para o Instituto M\u00e9dico Legal de Volta Redonda para os procedimentos necess\u00e1rios.<\/p>\n\n\n\n<p class=\"wp-block-paragraph\">Ap\u00f3s o ocorrido, a organiza\u00e7\u00e3o decidiu suspender a realiza\u00e7\u00e3o do evento. Richard trabalhava na manuten\u00e7\u00e3o de um parque municipal e era descrito por familiares e amigos como uma pessoa presente, querida e muito ligada \u00e0 fam\u00edlia.<\/p>\n\n\n\n<p class=\"wp-block-paragraph\">A morte causou como\u00e7\u00e3o entre pessoas pr\u00f3ximas, que utilizaram as redes sociais para prestar homenagens ao jovem. At\u00e9 o momento, n\u00e3o haviam sido divulgadas informa\u00e7\u00f5es sobre o local do vel\u00f3rio e do sepultamento, nem uma conclus\u00e3o oficial sobre as circunst\u00e2ncias que provocaram a morte.<\/p>\n","protected":false},"excerpt":{"rendered":"<p>Um jovem de 24 anos morreu neste domingo (30) durante uma prova de mountain bike realizada em Resende, no Sul do Rio de Janeiro. A v\u00edtima foi identificada como Richard Eduardo Freitas da Silva, morador do bairro Jardim Alian\u00e7a. Segundo informa\u00e7\u00f5es divulgadas sobre o caso, Richard participava da competi\u00e7\u00e3o quando [&hellip;]<\/p>\n","protected":false},"author":1,"featured_media":30433,"comment_status":"open","ping_status":"closed","sticky":false,"template":"","format":"standard","meta":{"_seopress_titles_title":"","_seopress_titles_desc":"","_seopress_robots_index":"","_seopress_robots_follow":"","_seopress_robots_imageindex":"","_seopress_robots_snippet":"","_seopress_robots_primary_cat":"","_seopress_robots_breadcrumbs":"","_seopress_robots_freeze_modified_date":"","_seopress_robots_custom_modified_date":"","_seopress_robots_canonical":"","_seopress_social_fb_title":"","_seopress_social_fb_desc":"","_seopress_social_fb_img":"","_seopress_social_fb_img_attachment_id":0,"_seopress_social_fb_img_width":0,"_seopress_social_fb_img_height":0,"_seopress_social_twitter_title":"","_seopress_social_twitter_desc":"","_seopress_social_twitter_img":"","_seopress_social_twitter_img_attachment_id":0,"_seopress_social_twitter_img_width":0,"_seopress_social_twitter_img_height":0,"_seopress_redirections_value":"","_seopress_redirections_enabled":"","_seopress_redirections_enabled_regex":"","_seopress_redirections_logged_status":"","_seopress_redirections_param":"","_seopress_redirections_type":0,"_seopress_analysis_target_kw":"","footnotes":""},"categories":[69,32,38],"tags":[],"class_list":["post-30432","post","type-post","status-publish","format-standard","has-post-thumbnail","hentry","category-cidades","category-destaque","category-resende"],"_links":{"self":[{"href":"https:\/\/www.jornalponto.com\/site\/wp-json\/wp\/v2\/posts\/30432","targetHints":{"allow":["GET"]}}],"collection":[{"href":"https:\/\/www.jornalponto.com\/site\/wp-json\/wp\/v2\/posts"}],"about":[{"href":"https:\/\/www.jornalponto.com\/site\/wp-json\/wp\/v2\/types\/post"}],"author":[{"embeddable":true,"href":"https:\/\/www.jornalponto.com\/site\/wp-json\/wp\/v2\/users\/1"}],"replies":[{"embeddable":true,"href":"https:\/\/www.jornalponto.com\/site\/wp-json\/wp\/v2\/comments?post=30432"}],"version-history":[{"count":1,"href":"https:\/\/www.jornalponto.com\/site\/wp-json\/wp\/v2\/posts\/30432\/revisions"}],"predecessor-version":[{"id":30434,"href":"https:\/\/www.jornalponto.com\/site\/wp-json\/wp\/v2\/posts\/30432\/revisions\/30434"}],"wp:featuredmedia":[{"embeddable":true,"href":"https:\/\/www.jornalponto.com\/site\/wp-json\/wp\/v2\/media\/30433"}],"wp:attachment":[{"href":"https:\/\/www.jornalponto.com\/site\/wp-json\/wp\/v2\/media?parent=30432"}],"wp:term":[{"taxonomy":"category","embeddable":true,"href":"https:\/\/www.jornalponto.com\/site\/wp-json\/wp\/v2\/categories?post=30432"},{"taxonomy":"post_tag","embeddable":true,"href":"https:\/\/www.jornalponto.com\/site\/wp-json\/wp\/v2\/tags?post=30432"}],"curies":[{"name":"wp","href":"https:\/\/api.w.org\/{rel}","templated":true}]}}