{"id":30435,"date":"2026-09-05T19:08:49","date_gmt":"2026-09-05T22:08:49","guid":{"rendered":"https:\/\/www.jornalponto.com\/site\/?p=30435"},"modified":"2026-09-05T19:08:51","modified_gmt":"2026-09-05T22:08:51","slug":"homem-e-preso-em-barra-mansa-apos-ser-localizado-em-restaurante-e-confessar-transporte-de-drogas","status":"publish","type":"post","link":"https:\/\/www.jornalponto.com\/site\/2026\/09\/05\/homem-e-preso-em-barra-mansa-apos-ser-localizado-em-restaurante-e-confessar-transporte-de-drogas\/","title":{"rendered":"Homem \u00e9 preso em Barra Mansa ap\u00f3s ser localizado em restaurante e confessar transporte de drogas"},"content":{"rendered":"\n<figure class=\"wp-block-image size-large is-resized\"><img alt=\"\" fetchpriority=\"high\" decoding=\"async\" width=\"1024\" height=\"576\" src=\"https:\/\/www.jornalponto.com\/site\/wp-content\/uploads\/2026\/09\/prisao-flumidisel-bm-1024x576.jpg\" alt=\"\" class=\"wp-image-30436\" style=\"width:539px;height:auto\" srcset=\"https:\/\/www.jornalponto.com\/site\/wp-content\/uploads\/2026\/09\/prisao-flumidisel-bm-1024x576.jpg 1024w, https:\/\/www.jornalponto.com\/site\/wp-content\/uploads\/2026\/09\/prisao-flumidisel-bm-300x169.jpg 300w, https:\/\/www.jornalponto.com\/site\/wp-content\/uploads\/2026\/09\/prisao-flumidisel-bm-767x431.jpg 767w, https:\/\/www.jornalponto.com\/site\/wp-content\/uploads\/2026\/09\/prisao-flumidisel-bm-1536x864.jpg 1536w, https:\/\/www.jornalponto.com\/site\/wp-content\/uploads\/2026\/09\/prisao-flumidisel-bm.jpg 1599w\" sizes=\"(max-width: 1024px) 100vw, 1024px\" \/><\/figure>\n\n\n\n<p class=\"wp-block-paragraph\">Um homem foi preso no fim da tarde deste s\u00e1bado (5), em Barra Mansa, ap\u00f3s ser localizado em um restaurante \u00e0s margens da Rodovia Presidente Dutra. Segundo informa\u00e7\u00f5es da Pol\u00edcia Rodovi\u00e1ria Federal (PRF) e da Pol\u00edcia Militar, ele teria confessado ser o motorista do Fiat Uno que havia sido abandonado durante uma persegui\u00e7\u00e3o na rodovia, onde foram apreendidos <strong>232 quilos de maconha<\/strong>.<\/p>\n\n\n\n<p class=\"wp-block-paragraph\"><a href=\"https:\/\/whatsapp.com\/channel\/0029Va9m4YZ9hXF07MKccN04\" target=\"_blank\" rel=\"noopener\"><strong>QUER RECEBER AS NOT\u00cdCIAS DA REGI\u00c3O EM TEMPO REAL? ACESSE NOSSO CANAL NO WHATSAPP CLICANDO AQUI<\/strong><\/a>\u00a0<\/p>\n\n\n\n<p class=\"wp-block-paragraph\">O suspeito estava sentado em uma mesa, em uma \u00e1rea mais reservada do restaurante do posto Flumidiesel. Chamou a aten\u00e7\u00e3o dos agentes o fato de ele estar com as pernas bastante sujas de terra, caracter\u00edstica compat\u00edvel com uma fuga por \u00e1rea de mata.<\/p>\n\n\n\n<p class=\"wp-block-paragraph\">Inicialmente, o homem teria afirmado que era de S\u00e3o Paulo e que estaria viajando para participar do Rock in Rio. No entanto, ao ser questionado sobre a viagem e como teria chegado ao local, apresentou contradi\u00e7\u00f5es.<\/p>\n\n\n\n<p class=\"wp-block-paragraph\">Durante a abordagem, acabou admitindo que era o condutor do Fiat Uno perseguido pela PRF. De acordo com o relato apresentado aos policiais, ele teria sido <strong>amea\u00e7ado por traficantes da regi\u00e3o onde morava e obrigado a transportar a droga<\/strong>.<\/p>\n\n\n\n<p class=\"wp-block-paragraph\">O homem afirmou ainda que n\u00e3o sabia onde o entorpecente seria entregue. Segundo a vers\u00e3o apresentada, ele receberia orienta\u00e7\u00f5es por telefone durante o trajeto para saber o destino da carga.<\/p>\n\n\n\n<p class=\"wp-block-paragraph\">Ap\u00f3s a confiss\u00e3o, o suspeito foi preso e encaminhado para a <strong>90\u00aa DP, em Barra Mansa<\/strong>, onde a ocorr\u00eancia foi apresentada em conjunto pelas for\u00e7as de seguran\u00e7a.<\/p>\n\n\n\n<p class=\"wp-block-paragraph\">A droga havia sido encontrada anteriormente no Fiat Uno, que foi abandonado ap\u00f3s o motorista perder o controle e capotar \u00e0s margens da Dutra. A PRF contabilizou 232 tabletes de maconha, com peso aproximado de 232 quilos.<\/p>\n","protected":false},"excerpt":{"rendered":"<p>Um homem foi preso no fim da tarde deste s\u00e1bado (5), em Barra Mansa, ap\u00f3s ser localizado em um restaurante \u00e0s margens da Rodovia Presidente Dutra. Segundo informa\u00e7\u00f5es da Pol\u00edcia Rodovi\u00e1ria Federal (PRF) e da Pol\u00edcia Militar, ele teria confessado ser o motorista do Fiat Uno que havia sido abandonado [&hellip;]<\/p>\n","protected":false},"author":4,"featured_media":30436,"comment_status":"open","ping_status":"closed","sticky":false,"template":"","format":"standard","meta":{"_seopress_titles_title":"","_seopress_titles_desc":"","_seopress_robots_index":"","_seopress_robots_follow":"","_seopress_robots_imageindex":"","_seopress_robots_snippet":"","_seopress_robots_primary_cat":"","_seopress_robots_breadcrumbs":"","_seopress_robots_freeze_modified_date":"","_seopress_robots_custom_modified_date":"","_seopress_robots_canonical":"","_seopress_social_fb_title":"","_seopress_social_fb_desc":"","_seopress_social_fb_img":"","_seopress_social_fb_img_attachment_id":0,"_seopress_social_fb_img_width":0,"_seopress_social_fb_img_height":0,"_seopress_social_twitter_title":"","_seopress_social_twitter_desc":"","_seopress_social_twitter_img":"","_seopress_social_twitter_img_attachment_id":0,"_seopress_social_twitter_img_width":0,"_seopress_social_twitter_img_height":0,"_seopress_redirections_value":"","_seopress_redirections_enabled":"","_seopress_redirections_enabled_regex":"","_seopress_redirections_logged_status":"","_seopress_redirections_param":"","_seopress_redirections_type":0,"_seopress_analysis_target_kw":"","footnotes":""},"categories":[35,53],"tags":[],"class_list":["post-30435","post","type-post","status-publish","format-standard","has-post-thumbnail","hentry","category-barra-mansa","category-policia"],"_links":{"self":[{"href":"https:\/\/www.jornalponto.com\/site\/wp-json\/wp\/v2\/posts\/30435","targetHints":{"allow":["GET"]}}],"collection":[{"href":"https:\/\/www.jornalponto.com\/site\/wp-json\/wp\/v2\/posts"}],"about":[{"href":"https:\/\/www.jornalponto.com\/site\/wp-json\/wp\/v2\/types\/post"}],"author":[{"embeddable":true,"href":"https:\/\/www.jornalponto.com\/site\/wp-json\/wp\/v2\/users\/4"}],"replies":[{"embeddable":true,"href":"https:\/\/www.jornalponto.com\/site\/wp-json\/wp\/v2\/comments?post=30435"}],"version-history":[{"count":1,"href":"https:\/\/www.jornalponto.com\/site\/wp-json\/wp\/v2\/posts\/30435\/revisions"}],"predecessor-version":[{"id":30437,"href":"https:\/\/www.jornalponto.com\/site\/wp-json\/wp\/v2\/posts\/30435\/revisions\/30437"}],"wp:featuredmedia":[{"embeddable":true,"href":"https:\/\/www.jornalponto.com\/site\/wp-json\/wp\/v2\/media\/30436"}],"wp:attachment":[{"href":"https:\/\/www.jornalponto.com\/site\/wp-json\/wp\/v2\/media?parent=30435"}],"wp:term":[{"taxonomy":"category","embeddable":true,"href":"https:\/\/www.jornalponto.com\/site\/wp-json\/wp\/v2\/categories?post=30435"},{"taxonomy":"post_tag","embeddable":true,"href":"https:\/\/www.jornalponto.com\/site\/wp-json\/wp\/v2\/tags?post=30435"}],"curies":[{"name":"wp","href":"https:\/\/api.w.org\/{rel}","templated":true}]}}