{"id":30437,"date":"2026-08-31T19:26:52","date_gmt":"2026-08-31T22:26:52","guid":{"rendered":"https:\/\/www.jornalponto.com\/site\/?p=30437"},"modified":"2026-08-31T19:26:55","modified_gmt":"2026-08-31T22:26:55","slug":"queda-de-balao-provoca-incendio-em-area-de-mata-em-paraiba-do-sul","status":"publish","type":"post","link":"https:\/\/www.jornalponto.com\/site\/2026\/08\/31\/queda-de-balao-provoca-incendio-em-area-de-mata-em-paraiba-do-sul\/","title":{"rendered":"Queda de bal\u00e3o provoca inc\u00eandio em \u00e1rea de mata em Para\u00edba do Sul"},"content":{"rendered":"\n<figure class=\"wp-block-image size-full is-resized\"><img alt=\"\" fetchpriority=\"high\" decoding=\"async\" width=\"1000\" height=\"562\" src=\"https:\/\/www.jornalponto.com\/site\/wp-content\/uploads\/2026\/08\/balao-ps.jpg\" alt=\"\" class=\"wp-image-30438\" style=\"aspect-ratio:1.7793664978651573;width:702px;height:auto\" srcset=\"https:\/\/www.jornalponto.com\/site\/wp-content\/uploads\/2026\/08\/balao-ps.jpg 1000w, https:\/\/www.jornalponto.com\/site\/wp-content\/uploads\/2026\/08\/balao-ps-300x169.jpg 300w, https:\/\/www.jornalponto.com\/site\/wp-content\/uploads\/2026\/08\/balao-ps-767x431.jpg 767w\" sizes=\"(max-width: 1000px) 100vw, 1000px\" \/><\/figure>\n\n\n\n<p class=\"wp-block-paragraph\">A queda de um bal\u00e3o provocou um inc\u00eandio em uma \u00e1rea de vegeta\u00e7\u00e3o no domingo (30), em Para\u00edba do Sul, no Sul do Rio de Janeiro. As chamas atingiram uma regi\u00e3o de mata e mobilizaram equipes para controlar o fogo.<\/p>\n\n\n\n<p class=\"wp-block-paragraph\"><a href=\"https:\/\/whatsapp.com\/channel\/0029Va9m4YZ9hXF07MKccN04\" target=\"_blank\" rel=\"noopener\"><strong>QUER RECEBER AS NOT\u00cdCIAS DA REGI\u00c3O EM TEMPO REAL? ACESSE NOSSO CANAL NO WHATSAPP CLICANDO AQUI<\/strong><\/a>\u00a0<\/p>\n\n\n\n<p class=\"wp-block-paragraph\">Segundo as informa\u00e7\u00f5es divulgadas sobre a ocorr\u00eancia, o bal\u00e3o caiu sobre a vegeta\u00e7\u00e3o e acabou provocando o in\u00edcio do inc\u00eandio. A situa\u00e7\u00e3o chamou a aten\u00e7\u00e3o para os riscos provocados pela soltura desse tipo de artefato, que pode percorrer longas dist\u00e2ncias antes de cair.<\/p>\n\n\n\n<p class=\"wp-block-paragraph\">Al\u00e9m do risco de inc\u00eandios em \u00e1reas de mata, bal\u00f5es sem controle podem atingir resid\u00eancias, redes el\u00e9tricas e at\u00e9 representar perigo para aeronaves. A pr\u00e1tica de fabricar, vender, transportar ou soltar bal\u00f5es capazes de provocar inc\u00eandios \u00e9 considerada crime ambiental no Brasil, com previs\u00e3o de deten\u00e7\u00e3o e multa.<\/p>\n\n\n\n<p class=\"wp-block-paragraph\">As circunst\u00e2ncias da queda e a extens\u00e3o da \u00e1rea atingida pelo fogo n\u00e3o foram detalhadas nas informa\u00e7\u00f5es divulgadas at\u00e9 o momento.<\/p>\n","protected":false},"excerpt":{"rendered":"<p>A queda de um bal\u00e3o provocou um inc\u00eandio em uma \u00e1rea de vegeta\u00e7\u00e3o no domingo (30), em Para\u00edba do Sul, no Sul do Rio de Janeiro. As chamas atingiram uma regi\u00e3o de mata e mobilizaram equipes para controlar o fogo. QUER RECEBER AS NOT\u00cdCIAS DA REGI\u00c3O EM TEMPO REAL? ACESSE [&hellip;]<\/p>\n","protected":false},"author":1,"featured_media":30438,"comment_status":"open","ping_status":"closed","sticky":false,"template":"","format":"standard","meta":{"_seopress_titles_title":"","_seopress_titles_desc":"","_seopress_robots_index":"","_seopress_robots_follow":"","_seopress_robots_imageindex":"","_seopress_robots_snippet":"","_seopress_robots_primary_cat":"","_seopress_robots_breadcrumbs":"","_seopress_robots_freeze_modified_date":"","_seopress_robots_custom_modified_date":"","_seopress_robots_canonical":"","_seopress_social_fb_title":"","_seopress_social_fb_desc":"","_seopress_social_fb_img":"","_seopress_social_fb_img_attachment_id":0,"_seopress_social_fb_img_width":0,"_seopress_social_fb_img_height":0,"_seopress_social_twitter_title":"","_seopress_social_twitter_desc":"","_seopress_social_twitter_img":"","_seopress_social_twitter_img_attachment_id":0,"_seopress_social_twitter_img_width":0,"_seopress_social_twitter_img_height":0,"_seopress_redirections_value":"","_seopress_redirections_enabled":"","_seopress_redirections_enabled_regex":"","_seopress_redirections_logged_status":"","_seopress_redirections_param":"","_seopress_redirections_type":0,"_seopress_analysis_target_kw":"","footnotes":""},"categories":[69,51,72],"tags":[],"class_list":["post-30437","post","type-post","status-publish","format-standard","has-post-thumbnail","hentry","category-cidades","category-paraiba-do-sul","category-ultimas"],"_links":{"self":[{"href":"https:\/\/www.jornalponto.com\/site\/wp-json\/wp\/v2\/posts\/30437","targetHints":{"allow":["GET"]}}],"collection":[{"href":"https:\/\/www.jornalponto.com\/site\/wp-json\/wp\/v2\/posts"}],"about":[{"href":"https:\/\/www.jornalponto.com\/site\/wp-json\/wp\/v2\/types\/post"}],"author":[{"embeddable":true,"href":"https:\/\/www.jornalponto.com\/site\/wp-json\/wp\/v2\/users\/1"}],"replies":[{"embeddable":true,"href":"https:\/\/www.jornalponto.com\/site\/wp-json\/wp\/v2\/comments?post=30437"}],"version-history":[{"count":1,"href":"https:\/\/www.jornalponto.com\/site\/wp-json\/wp\/v2\/posts\/30437\/revisions"}],"predecessor-version":[{"id":30439,"href":"https:\/\/www.jornalponto.com\/site\/wp-json\/wp\/v2\/posts\/30437\/revisions\/30439"}],"wp:featuredmedia":[{"embeddable":true,"href":"https:\/\/www.jornalponto.com\/site\/wp-json\/wp\/v2\/media\/30438"}],"wp:attachment":[{"href":"https:\/\/www.jornalponto.com\/site\/wp-json\/wp\/v2\/media?parent=30437"}],"wp:term":[{"taxonomy":"category","embeddable":true,"href":"https:\/\/www.jornalponto.com\/site\/wp-json\/wp\/v2\/categories?post=30437"},{"taxonomy":"post_tag","embeddable":true,"href":"https:\/\/www.jornalponto.com\/site\/wp-json\/wp\/v2\/tags?post=30437"}],"curies":[{"name":"wp","href":"https:\/\/api.w.org\/{rel}","templated":true}]}}