{"id":30440,"date":"2026-08-31T19:38:06","date_gmt":"2026-08-31T22:38:06","guid":{"rendered":"https:\/\/www.jornalponto.com\/site\/?p=30440"},"modified":"2026-08-31T19:38:07","modified_gmt":"2026-08-31T22:38:07","slug":"adolescente-e-encontrado-morto-com-marcas-de-tiros-em-resende","status":"publish","type":"post","link":"https:\/\/www.jornalponto.com\/site\/2026\/08\/31\/adolescente-e-encontrado-morto-com-marcas-de-tiros-em-resende\/","title":{"rendered":"Adolescente \u00e9 encontrado morto com marcas de tiros em Resende"},"content":{"rendered":"\n<p class=\"wp-block-paragraph\">O corpo de um adolescente foi encontrado com marcas de tiros na manh\u00e3 desta segunda-feira (31), em Resende, no Sul do Rio de Janeiro. A v\u00edtima estava \u00e0s margens da Estrada do Terra Livre, no bairro Jardim Alian\u00e7a.<\/p>\n\n\n\n<p class=\"wp-block-paragraph\">Segundo a Pol\u00edcia Militar, a equipe foi acionada depois que um vigilante encontrou o corpo enquanto se deslocava para assumir o servi\u00e7o. O local foi isolado para a realiza\u00e7\u00e3o da per\u00edcia.<\/p>\n\n\n\n<p class=\"wp-block-paragraph\"><a href=\"https:\/\/whatsapp.com\/channel\/0029Va9m4YZ9hXF07MKccN04\" target=\"_blank\" rel=\"noopener\"><strong>QUER RECEBER AS NOT\u00cdCIAS DA REGI\u00c3O EM TEMPO REAL? ACESSE NOSSO CANAL NO WHATSAPP CLICANDO AQUI<\/strong><\/a>\u00a0<\/p>\n\n\n\n<p class=\"wp-block-paragraph\">De acordo com o irm\u00e3o da v\u00edtima, o adolescente era procurado pela fam\u00edlia desde domingo (30). O familiar relatou aos policiais que o jovem teria sido baleado em frente \u00e0 pr\u00f3pria casa, no bairro Itapuca. Testemunhas teriam informado que ocupantes de um ve\u00edculo passaram pelo local efetuando disparos.<\/p>\n\n\n\n<p class=\"wp-block-paragraph\">Ap\u00f3s o ataque, o irm\u00e3o afirmou que recebeu informa\u00e7\u00f5es de que o corpo teria sido retirado do local por pessoas que estariam tentando prestar socorro. Ele chegou a procurar o adolescente em unidades de sa\u00fade e na delegacia, mas n\u00e3o conseguiu obter informa\u00e7\u00f5es sobre o paradeiro dele.<\/p>\n\n\n\n<p class=\"wp-block-paragraph\">Na manh\u00e3 desta segunda-feira, por volta das 7h, a fam\u00edlia recebeu uma fotografia de um corpo encontrado na cidade. O irm\u00e3o foi at\u00e9 o endere\u00e7o e fez o reconhecimento.<\/p>\n\n\n\n<p class=\"wp-block-paragraph\">Ap\u00f3s os trabalhos periciais, o corpo foi removido pelo Corpo de Bombeiros e encaminhado ao Instituto M\u00e9dico Legal de Volta Redonda.<\/p>\n\n\n\n<p class=\"wp-block-paragraph\">O caso foi registrado na 89\u00aa Delegacia de Pol\u00edcia de Resende, que investiga as circunst\u00e2ncias do homic\u00eddio. At\u00e9 o momento, nenhum suspeito havia sido preso e a motiva\u00e7\u00e3o do crime ainda n\u00e3o foi esclarecida.<\/p>\n","protected":false},"excerpt":{"rendered":"<p>O corpo de um adolescente foi encontrado com marcas de tiros na manh\u00e3 desta segunda-feira (31), em Resende, no Sul do Rio de Janeiro. A v\u00edtima estava \u00e0s margens da Estrada do Terra Livre, no bairro Jardim Alian\u00e7a. Segundo a Pol\u00edcia Militar, a equipe foi acionada depois que um vigilante [&hellip;]<\/p>\n","protected":false},"author":1,"featured_media":15900,"comment_status":"open","ping_status":"closed","sticky":false,"template":"","format":"standard","meta":{"_seopress_titles_title":"","_seopress_titles_desc":"","_seopress_robots_index":"","_seopress_robots_follow":"","_seopress_robots_imageindex":"","_seopress_robots_snippet":"","_seopress_robots_primary_cat":"","_seopress_robots_breadcrumbs":"","_seopress_robots_freeze_modified_date":"","_seopress_robots_custom_modified_date":"","_seopress_robots_canonical":"","_seopress_social_fb_title":"","_seopress_social_fb_desc":"","_seopress_social_fb_img":"","_seopress_social_fb_img_attachment_id":0,"_seopress_social_fb_img_width":0,"_seopress_social_fb_img_height":0,"_seopress_social_twitter_title":"","_seopress_social_twitter_desc":"","_seopress_social_twitter_img":"","_seopress_social_twitter_img_attachment_id":0,"_seopress_social_twitter_img_width":0,"_seopress_social_twitter_img_height":0,"_seopress_redirections_value":"","_seopress_redirections_enabled":"","_seopress_redirections_enabled_regex":"","_seopress_redirections_logged_status":"","_seopress_redirections_param":"","_seopress_redirections_type":0,"_seopress_analysis_target_kw":"","footnotes":""},"categories":[32,38,90],"tags":[],"class_list":["post-30440","post","type-post","status-publish","format-standard","has-post-thumbnail","hentry","category-destaque","category-resende","category-sacode-policia"],"_links":{"self":[{"href":"https:\/\/www.jornalponto.com\/site\/wp-json\/wp\/v2\/posts\/30440","targetHints":{"allow":["GET"]}}],"collection":[{"href":"https:\/\/www.jornalponto.com\/site\/wp-json\/wp\/v2\/posts"}],"about":[{"href":"https:\/\/www.jornalponto.com\/site\/wp-json\/wp\/v2\/types\/post"}],"author":[{"embeddable":true,"href":"https:\/\/www.jornalponto.com\/site\/wp-json\/wp\/v2\/users\/1"}],"replies":[{"embeddable":true,"href":"https:\/\/www.jornalponto.com\/site\/wp-json\/wp\/v2\/comments?post=30440"}],"version-history":[{"count":1,"href":"https:\/\/www.jornalponto.com\/site\/wp-json\/wp\/v2\/posts\/30440\/revisions"}],"predecessor-version":[{"id":30441,"href":"https:\/\/www.jornalponto.com\/site\/wp-json\/wp\/v2\/posts\/30440\/revisions\/30441"}],"wp:featuredmedia":[{"embeddable":true,"href":"https:\/\/www.jornalponto.com\/site\/wp-json\/wp\/v2\/media\/15900"}],"wp:attachment":[{"href":"https:\/\/www.jornalponto.com\/site\/wp-json\/wp\/v2\/media?parent=30440"}],"wp:term":[{"taxonomy":"category","embeddable":true,"href":"https:\/\/www.jornalponto.com\/site\/wp-json\/wp\/v2\/categories?post=30440"},{"taxonomy":"post_tag","embeddable":true,"href":"https:\/\/www.jornalponto.com\/site\/wp-json\/wp\/v2\/tags?post=30440"}],"curies":[{"name":"wp","href":"https:\/\/api.w.org\/{rel}","templated":true}]}}