{"id":30442,"date":"2026-08-31T19:51:29","date_gmt":"2026-08-31T22:51:29","guid":{"rendered":"https:\/\/www.jornalponto.com\/site\/?p=30442"},"modified":"2026-08-31T19:51:30","modified_gmt":"2026-08-31T22:51:30","slug":"concurso-publico-para-professores-preve-salarios-de-ate-r-44-mil-em-valenca","status":"publish","type":"post","link":"https:\/\/www.jornalponto.com\/site\/2026\/08\/31\/concurso-publico-para-professores-preve-salarios-de-ate-r-44-mil-em-valenca\/","title":{"rendered":"Concurso P\u00fablico para professores prev\u00ea sal\u00e1rios de at\u00e9 R$ 4,4 mil em Valen\u00e7a"},"content":{"rendered":"\n<p class=\"wp-block-paragraph\"><\/p>\n\n\n\n<p class=\"wp-block-paragraph\">A Prefeitura de Valen\u00e7a abriu concurso p\u00fablico para contrata\u00e7\u00e3o de professores da rede municipal de ensino. O edital prev\u00ea 96 vagas imediatas, al\u00e9m da forma\u00e7\u00e3o de cadastro de reserva.<\/p>\n\n\n\n<p class=\"wp-block-paragraph\">As inscri\u00e7\u00f5es come\u00e7am nesta ter\u00e7a-feira (1\u00ba) e seguem at\u00e9 o dia 5 de outubro. As taxas s\u00e3o de R$ 66 para os cargos de n\u00edvel m\u00e9dio e R$ 68 para as fun\u00e7\u00f5es que exigem forma\u00e7\u00e3o superior.<\/p>\n\n\n\n<p class=\"wp-block-paragraph\"><a href=\"https:\/\/whatsapp.com\/channel\/0029Va9m4YZ9hXF07MKccN04\" target=\"_blank\" rel=\"noopener\"><strong>QUER RECEBER AS NOT\u00cdCIAS DA REGI\u00c3O EM TEMPO REAL? ACESSE NOSSO CANAL NO WHATSAPP CLICANDO AQUI<\/strong><\/a>\u00a0<\/p>\n\n\n\n<p class=\"wp-block-paragraph\">A maior parte das oportunidades, 70 vagas, \u00e9 destinada ao cargo de Professor III. Para concorrer, \u00e9 necess\u00e1rio ter forma\u00e7\u00e3o de n\u00edvel m\u00e9dio na modalidade Normal ou forma\u00e7\u00e3o em Pedagogia. O sal\u00e1rio inicial \u00e9 de R$ 3.650,83, para uma jornada de 30 horas semanais.<\/p>\n\n\n\n<p class=\"wp-block-paragraph\">Outras 26 vagas s\u00e3o para Professor IV, que exige gradua\u00e7\u00e3o na \u00e1rea correspondente. A remunera\u00e7\u00e3o inicial chega a R$ 4.468,62, tamb\u00e9m para 30 horas semanais.<\/p>\n\n\n\n<p class=\"wp-block-paragraph\">As vagas de Professor IV est\u00e3o distribu\u00eddas entre as \u00e1reas de Arte, Ci\u00eancias da Natureza, Educa\u00e7\u00e3o F\u00edsica, Ensino Religioso, Geografia, Hist\u00f3ria, L\u00edngua Inglesa, L\u00edngua Portuguesa e Matem\u00e1tica.<\/p>\n\n\n\n<p class=\"wp-block-paragraph\">A sele\u00e7\u00e3o ter\u00e1 como primeira etapa uma prova objetiva, de car\u00e1ter eliminat\u00f3rio e classificat\u00f3rio, prevista para 22 de novembro. O exame contar\u00e1 com 50 quest\u00f5es, sendo 10 de conhecimentos b\u00e1sicos, 10 de conhecimentos complementares e 30 de conhecimentos espec\u00edficos, com peso maior para essa \u00faltima parte.<\/p>\n\n\n\n<p class=\"wp-block-paragraph\">Os candidatos aprovados nessa fase ainda passar\u00e3o por avalia\u00e7\u00e3o de t\u00edtulos. A etapa poder\u00e1 levar em considera\u00e7\u00e3o diplomas de doutorado, mestrado, especializa\u00e7\u00e3o, uma gradua\u00e7\u00e3o adicional e a nota obtida na edi\u00e7\u00e3o de 2025 da Prova Nacional Docente.<\/p>\n\n\n\n<p class=\"wp-block-paragraph\">O concurso representa uma oportunidade para profissionais interessados em ingressar no quadro efetivo da Educa\u00e7\u00e3o de Valen\u00e7a, com vagas destinadas a diferentes etapas e disciplinas da rede municipal.<\/p>\n","protected":false},"excerpt":{"rendered":"<p>A Prefeitura de Valen\u00e7a abriu concurso p\u00fablico para contrata\u00e7\u00e3o de professores da rede municipal de ensino. O edital prev\u00ea 96 vagas imediatas, al\u00e9m da forma\u00e7\u00e3o de cadastro de reserva. As inscri\u00e7\u00f5es come\u00e7am nesta ter\u00e7a-feira (1\u00ba) e seguem at\u00e9 o dia 5 de outubro. As taxas s\u00e3o de R$ 66 para [&hellip;]<\/p>\n","protected":false},"author":1,"featured_media":3453,"comment_status":"open","ping_status":"closed","sticky":false,"template":"","format":"standard","meta":{"_seopress_titles_title":"","_seopress_titles_desc":"","_seopress_robots_index":"","_seopress_robots_follow":"","_seopress_robots_imageindex":"","_seopress_robots_snippet":"","_seopress_robots_primary_cat":"","_seopress_robots_breadcrumbs":"","_seopress_robots_freeze_modified_date":"","_seopress_robots_custom_modified_date":"","_seopress_robots_canonical":"","_seopress_social_fb_title":"","_seopress_social_fb_desc":"","_seopress_social_fb_img":"","_seopress_social_fb_img_attachment_id":0,"_seopress_social_fb_img_width":0,"_seopress_social_fb_img_height":0,"_seopress_social_twitter_title":"","_seopress_social_twitter_desc":"","_seopress_social_twitter_img":"","_seopress_social_twitter_img_attachment_id":0,"_seopress_social_twitter_img_width":0,"_seopress_social_twitter_img_height":0,"_seopress_redirections_value":"","_seopress_redirections_enabled":"","_seopress_redirections_enabled_regex":"","_seopress_redirections_logged_status":"","_seopress_redirections_param":"","_seopress_redirections_type":0,"_seopress_analysis_target_kw":"","footnotes":""},"categories":[32,184,46],"tags":[],"class_list":["post-30442","post","type-post","status-publish","format-standard","has-post-thumbnail","hentry","category-destaque","category-oportunidades","category-valenca"],"_links":{"self":[{"href":"https:\/\/www.jornalponto.com\/site\/wp-json\/wp\/v2\/posts\/30442","targetHints":{"allow":["GET"]}}],"collection":[{"href":"https:\/\/www.jornalponto.com\/site\/wp-json\/wp\/v2\/posts"}],"about":[{"href":"https:\/\/www.jornalponto.com\/site\/wp-json\/wp\/v2\/types\/post"}],"author":[{"embeddable":true,"href":"https:\/\/www.jornalponto.com\/site\/wp-json\/wp\/v2\/users\/1"}],"replies":[{"embeddable":true,"href":"https:\/\/www.jornalponto.com\/site\/wp-json\/wp\/v2\/comments?post=30442"}],"version-history":[{"count":1,"href":"https:\/\/www.jornalponto.com\/site\/wp-json\/wp\/v2\/posts\/30442\/revisions"}],"predecessor-version":[{"id":30443,"href":"https:\/\/www.jornalponto.com\/site\/wp-json\/wp\/v2\/posts\/30442\/revisions\/30443"}],"wp:featuredmedia":[{"embeddable":true,"href":"https:\/\/www.jornalponto.com\/site\/wp-json\/wp\/v2\/media\/3453"}],"wp:attachment":[{"href":"https:\/\/www.jornalponto.com\/site\/wp-json\/wp\/v2\/media?parent=30442"}],"wp:term":[{"taxonomy":"category","embeddable":true,"href":"https:\/\/www.jornalponto.com\/site\/wp-json\/wp\/v2\/categories?post=30442"},{"taxonomy":"post_tag","embeddable":true,"href":"https:\/\/www.jornalponto.com\/site\/wp-json\/wp\/v2\/tags?post=30442"}],"curies":[{"name":"wp","href":"https:\/\/api.w.org\/{rel}","templated":true}]}}