{"id":30444,"date":"2026-09-01T08:14:06","date_gmt":"2026-09-01T11:14:06","guid":{"rendered":"https:\/\/www.jornalponto.com\/site\/?p=30444"},"modified":"2026-09-01T08:14:18","modified_gmt":"2026-09-01T11:14:18","slug":"homem-com-sete-registros-criminais-e-preso-por-descumprir-medida-protetiva-em-paulo-de-frontin","status":"publish","type":"post","link":"https:\/\/www.jornalponto.com\/site\/2026\/09\/01\/homem-com-sete-registros-criminais-e-preso-por-descumprir-medida-protetiva-em-paulo-de-frontin\/","title":{"rendered":"Homem com sete registros criminais \u00e9 preso por descumprir medida protetiva em Paulo de Frontin"},"content":{"rendered":"\n<figure class=\"wp-block-image size-full is-resized\"><img alt=\"\" fetchpriority=\"high\" decoding=\"async\" width=\"984\" height=\"490\" src=\"https:\/\/www.jornalponto.com\/site\/wp-content\/uploads\/2026\/09\/preso-pf.jpeg\" alt=\"\" class=\"wp-image-30445\" style=\"aspect-ratio:2.0082181546507285;width:534px;height:auto\" srcset=\"https:\/\/www.jornalponto.com\/site\/wp-content\/uploads\/2026\/09\/preso-pf.jpeg 984w, https:\/\/www.jornalponto.com\/site\/wp-content\/uploads\/2026\/09\/preso-pf-300x149.jpeg 300w, https:\/\/www.jornalponto.com\/site\/wp-content\/uploads\/2026\/09\/preso-pf-767x382.jpeg 767w\" sizes=\"(max-width: 984px) 100vw, 984px\" \/><\/figure>\n\n\n\n<p class=\"wp-block-paragraph\">Um homem de 53 anos foi preso nesta segunda-feira (31), em Engenheiro Paulo de Frontin, no Sul do Rio de Janeiro, por suspeita de descumprir uma medida protetiva determinada pela Justi\u00e7a.<\/p>\n\n\n\n<p class=\"wp-block-paragraph\">A pris\u00e3o ocorreu durante uma a\u00e7\u00e3o da Pol\u00edcia Civil dentro da Opera\u00e7\u00e3o Captura. Segundo os investigadores, havia um mandado de pris\u00e3o preventiva contra o homem, relacionado a acusa\u00e7\u00f5es de descumprimento de medida protetiva, coa\u00e7\u00e3o no curso do processo e viol\u00eancia psicol\u00f3gica contra uma mulher.<\/p>\n\n\n\n<p class=\"wp-block-paragraph\">Ainda de acordo com a Pol\u00edcia Civil, o suspeito possui outros sete registros relacionados a crimes previstos na Lei Maria da Penha. Entre as ocorr\u00eancias est\u00e3o acusa\u00e7\u00f5es de amea\u00e7a e persegui\u00e7\u00e3o, conhecida como stalking.<\/p>\n\n\n\n<p class=\"wp-block-paragraph\">A solicita\u00e7\u00e3o da pris\u00e3o preventiva teria sido motivada pela avalia\u00e7\u00e3o de que havia risco \u00e0 integridade da v\u00edtima, diante do hist\u00f3rico de ocorr\u00eancias e do suposto descumprimento das determina\u00e7\u00f5es judiciais.<\/p>\n\n\n\n<p class=\"wp-block-paragraph\">O homem foi localizado no Centro de Engenheiro Paulo de Frontin e levado para a delegacia do munic\u00edpio, onde o mandado de pris\u00e3o foi formalizado.<\/p>\n\n\n\n<p class=\"wp-block-paragraph\">Ap\u00f3s os procedimentos policiais, ele foi transferido para o sistema prisional e permanece \u00e0 disposi\u00e7\u00e3o da Justi\u00e7a. A identidade do preso n\u00e3o foi divulgada.<\/p>\n","protected":false},"excerpt":{"rendered":"<p>Um homem de 53 anos foi preso nesta segunda-feira (31), em Engenheiro Paulo de Frontin, no Sul do Rio de Janeiro, por suspeita de descumprir uma medida protetiva determinada pela Justi\u00e7a. A pris\u00e3o ocorreu durante uma a\u00e7\u00e3o da Pol\u00edcia Civil dentro da Opera\u00e7\u00e3o Captura. Segundo os investigadores, havia um mandado [&hellip;]<\/p>\n","protected":false},"author":1,"featured_media":30445,"comment_status":"open","ping_status":"closed","sticky":false,"template":"","format":"standard","meta":{"_seopress_titles_title":"","_seopress_titles_desc":"","_seopress_robots_index":"","_seopress_robots_follow":"","_seopress_robots_imageindex":"","_seopress_robots_snippet":"","_seopress_robots_primary_cat":"","_seopress_robots_breadcrumbs":"","_seopress_robots_freeze_modified_date":"","_seopress_robots_custom_modified_date":"","_seopress_robots_canonical":"","_seopress_social_fb_title":"","_seopress_social_fb_desc":"","_seopress_social_fb_img":"","_seopress_social_fb_img_attachment_id":0,"_seopress_social_fb_img_width":0,"_seopress_social_fb_img_height":0,"_seopress_social_twitter_title":"","_seopress_social_twitter_desc":"","_seopress_social_twitter_img":"","_seopress_social_twitter_img_attachment_id":0,"_seopress_social_twitter_img_width":0,"_seopress_social_twitter_img_height":0,"_seopress_redirections_value":"","_seopress_redirections_enabled":"","_seopress_redirections_enabled_regex":"","_seopress_redirections_logged_status":"","_seopress_redirections_param":"","_seopress_redirections_type":0,"_seopress_analysis_target_kw":"","footnotes":""},"categories":[81,53],"tags":[],"class_list":["post-30444","post","type-post","status-publish","format-standard","has-post-thumbnail","hentry","category-eng-paulo-de-frontin","category-policia"],"_links":{"self":[{"href":"https:\/\/www.jornalponto.com\/site\/wp-json\/wp\/v2\/posts\/30444","targetHints":{"allow":["GET"]}}],"collection":[{"href":"https:\/\/www.jornalponto.com\/site\/wp-json\/wp\/v2\/posts"}],"about":[{"href":"https:\/\/www.jornalponto.com\/site\/wp-json\/wp\/v2\/types\/post"}],"author":[{"embeddable":true,"href":"https:\/\/www.jornalponto.com\/site\/wp-json\/wp\/v2\/users\/1"}],"replies":[{"embeddable":true,"href":"https:\/\/www.jornalponto.com\/site\/wp-json\/wp\/v2\/comments?post=30444"}],"version-history":[{"count":1,"href":"https:\/\/www.jornalponto.com\/site\/wp-json\/wp\/v2\/posts\/30444\/revisions"}],"predecessor-version":[{"id":30446,"href":"https:\/\/www.jornalponto.com\/site\/wp-json\/wp\/v2\/posts\/30444\/revisions\/30446"}],"wp:featuredmedia":[{"embeddable":true,"href":"https:\/\/www.jornalponto.com\/site\/wp-json\/wp\/v2\/media\/30445"}],"wp:attachment":[{"href":"https:\/\/www.jornalponto.com\/site\/wp-json\/wp\/v2\/media?parent=30444"}],"wp:term":[{"taxonomy":"category","embeddable":true,"href":"https:\/\/www.jornalponto.com\/site\/wp-json\/wp\/v2\/categories?post=30444"},{"taxonomy":"post_tag","embeddable":true,"href":"https:\/\/www.jornalponto.com\/site\/wp-json\/wp\/v2\/tags?post=30444"}],"curies":[{"name":"wp","href":"https:\/\/api.w.org\/{rel}","templated":true}]}}