{"id":30458,"date":"2026-09-01T13:50:30","date_gmt":"2026-09-01T16:50:30","guid":{"rendered":"https:\/\/www.jornalponto.com\/site\/?p=30458"},"modified":"2026-09-01T13:50:33","modified_gmt":"2026-09-01T16:50:33","slug":"carro-roubado-em-rio-claro-e-recuperado-pela-policia-civil-em-barra-mansa","status":"publish","type":"post","link":"https:\/\/www.jornalponto.com\/site\/2026\/09\/01\/carro-roubado-em-rio-claro-e-recuperado-pela-policia-civil-em-barra-mansa\/","title":{"rendered":"Carro roubado em Rio Claro \u00e9 recuperado pela Pol\u00edcia Civil em Barra Mansa"},"content":{"rendered":"\n<figure class=\"wp-block-image size-full is-resized\"><img alt=\"\" fetchpriority=\"high\" decoding=\"async\" width=\"690\" height=\"420\" src=\"https:\/\/www.jornalponto.com\/site\/wp-content\/uploads\/2026\/09\/carro-rio-claro.jpg\" alt=\"\" class=\"wp-image-30459\" style=\"width:516px;height:auto\" srcset=\"https:\/\/www.jornalponto.com\/site\/wp-content\/uploads\/2026\/09\/carro-rio-claro.jpg 690w, https:\/\/www.jornalponto.com\/site\/wp-content\/uploads\/2026\/09\/carro-rio-claro-300x183.jpg 300w\" sizes=\"(max-width: 690px) 100vw, 690px\" \/><\/figure>\n\n\n\n<p class=\"wp-block-paragraph\">Um carro que havia sido roubado na noite de domingo (30), em Rio Claro, foi localizado e recuperado pela Pol\u00edcia Civil na segunda-feira (31), em Barra Mansa.<\/p>\n\n\n\n<p class=\"wp-block-paragraph\">O ve\u00edculo, um Ford Ka, foi encontrado abandonado no bairro Vila Independ\u00eancia. O roubo aconteceu na estrada de Getul\u00e2ndia, distrito de Rio Claro, onde um casal foi rendido por um criminoso armado que estava acompanhado de outros suspeitos em outro autom\u00f3vel.<\/p>\n\n\n\n<p class=\"wp-block-paragraph\"><a href=\"https:\/\/whatsapp.com\/channel\/0029Va9m4YZ9hXF07MKccN04\" target=\"_blank\" rel=\"noopener\"><strong>QUER RECEBER AS NOT\u00cdCIAS DA REGI\u00c3O EM TEMPO REAL? ACESSE NOSSO CANAL NO WHATSAPP CLICANDO AQUI<\/strong><\/a>\u00a0<\/p>\n\n\n\n<p class=\"wp-block-paragraph\">Al\u00e9m do carro, os criminosos tamb\u00e9m levaram pertences das v\u00edtimas durante a a\u00e7\u00e3o.<\/p>\n\n\n\n<p class=\"wp-block-paragraph\">Durante as investiga\u00e7\u00f5es, os policiais receberam informa\u00e7\u00f5es de que o ve\u00edculo poderia ser utilizado posteriormente em um ataque relacionado \u00e0 disputa entre grupos criminosos ligados a diferentes fac\u00e7\u00f5es.<\/p>\n\n\n\n<p class=\"wp-block-paragraph\">Ap\u00f3s ser localizado, o autom\u00f3vel foi levado para a delegacia de Barra Mansa, no Centro, onde passou por per\u00edcia. Os investigadores v\u00e3o analisar o ve\u00edculo em busca de vest\u00edgios que possam ajudar na identifica\u00e7\u00e3o dos respons\u00e1veis pelo roubo e de poss\u00edveis envolvidos em outros crimes.<\/p>\n\n\n\n<p class=\"wp-block-paragraph\">At\u00e9 o momento, n\u00e3o havia informa\u00e7\u00f5es sobre pris\u00f5es relacionadas ao caso.<\/p>\n","protected":false},"excerpt":{"rendered":"<p>Um carro que havia sido roubado na noite de domingo (30), em Rio Claro, foi localizado e recuperado pela Pol\u00edcia Civil na segunda-feira (31), em Barra Mansa. O ve\u00edculo, um Ford Ka, foi encontrado abandonado no bairro Vila Independ\u00eancia. O roubo aconteceu na estrada de Getul\u00e2ndia, distrito de Rio Claro, [&hellip;]<\/p>\n","protected":false},"author":1,"featured_media":30459,"comment_status":"open","ping_status":"closed","sticky":false,"template":"","format":"standard","meta":{"_seopress_titles_title":"","_seopress_titles_desc":"","_seopress_robots_index":"","_seopress_robots_follow":"","_seopress_robots_imageindex":"","_seopress_robots_snippet":"","_seopress_robots_primary_cat":"","_seopress_robots_breadcrumbs":"","_seopress_robots_freeze_modified_date":"","_seopress_robots_custom_modified_date":"","_seopress_robots_canonical":"","_seopress_social_fb_title":"","_seopress_social_fb_desc":"","_seopress_social_fb_img":"","_seopress_social_fb_img_attachment_id":0,"_seopress_social_fb_img_width":0,"_seopress_social_fb_img_height":0,"_seopress_social_twitter_title":"","_seopress_social_twitter_desc":"","_seopress_social_twitter_img":"","_seopress_social_twitter_img_attachment_id":0,"_seopress_social_twitter_img_width":0,"_seopress_social_twitter_img_height":0,"_seopress_redirections_value":"","_seopress_redirections_enabled":"","_seopress_redirections_enabled_regex":"","_seopress_redirections_logged_status":"","_seopress_redirections_param":"","_seopress_redirections_type":0,"_seopress_analysis_target_kw":"","footnotes":""},"categories":[35,53,42],"tags":[],"class_list":["post-30458","post","type-post","status-publish","format-standard","has-post-thumbnail","hentry","category-barra-mansa","category-policia","category-rio-claro"],"_links":{"self":[{"href":"https:\/\/www.jornalponto.com\/site\/wp-json\/wp\/v2\/posts\/30458","targetHints":{"allow":["GET"]}}],"collection":[{"href":"https:\/\/www.jornalponto.com\/site\/wp-json\/wp\/v2\/posts"}],"about":[{"href":"https:\/\/www.jornalponto.com\/site\/wp-json\/wp\/v2\/types\/post"}],"author":[{"embeddable":true,"href":"https:\/\/www.jornalponto.com\/site\/wp-json\/wp\/v2\/users\/1"}],"replies":[{"embeddable":true,"href":"https:\/\/www.jornalponto.com\/site\/wp-json\/wp\/v2\/comments?post=30458"}],"version-history":[{"count":1,"href":"https:\/\/www.jornalponto.com\/site\/wp-json\/wp\/v2\/posts\/30458\/revisions"}],"predecessor-version":[{"id":30460,"href":"https:\/\/www.jornalponto.com\/site\/wp-json\/wp\/v2\/posts\/30458\/revisions\/30460"}],"wp:featuredmedia":[{"embeddable":true,"href":"https:\/\/www.jornalponto.com\/site\/wp-json\/wp\/v2\/media\/30459"}],"wp:attachment":[{"href":"https:\/\/www.jornalponto.com\/site\/wp-json\/wp\/v2\/media?parent=30458"}],"wp:term":[{"taxonomy":"category","embeddable":true,"href":"https:\/\/www.jornalponto.com\/site\/wp-json\/wp\/v2\/categories?post=30458"},{"taxonomy":"post_tag","embeddable":true,"href":"https:\/\/www.jornalponto.com\/site\/wp-json\/wp\/v2\/tags?post=30458"}],"curies":[{"name":"wp","href":"https:\/\/api.w.org\/{rel}","templated":true}]}}