{"id":30461,"date":"2026-09-01T14:51:06","date_gmt":"2026-09-01T17:51:06","guid":{"rendered":"https:\/\/www.jornalponto.com\/site\/?p=30461"},"modified":"2026-09-01T14:51:14","modified_gmt":"2026-09-01T17:51:14","slug":"suposto-lider-de-faccao-criminosa-e-preso-em-resende","status":"publish","type":"post","link":"https:\/\/www.jornalponto.com\/site\/2026\/09\/01\/suposto-lider-de-faccao-criminosa-e-preso-em-resende\/","title":{"rendered":"Suposto l\u00edder de fac\u00e7\u00e3o criminosa \u00e9 preso em Resende"},"content":{"rendered":"\n<figure class=\"wp-block-image size-full is-resized\"><img alt=\"\" fetchpriority=\"high\" decoding=\"async\" width=\"583\" height=\"800\" src=\"https:\/\/www.jornalponto.com\/site\/wp-content\/uploads\/2026\/09\/faccao-resende.jpeg\" alt=\"\" class=\"wp-image-30462\" style=\"width:349px;height:auto\" srcset=\"https:\/\/www.jornalponto.com\/site\/wp-content\/uploads\/2026\/09\/faccao-resende.jpeg 583w, https:\/\/www.jornalponto.com\/site\/wp-content\/uploads\/2026\/09\/faccao-resende-219x300.jpeg 219w\" sizes=\"(max-width: 583px) 100vw, 583px\" \/><\/figure>\n\n\n\n<p class=\"wp-block-paragraph\">Um homem de 33 anos, considerado foragido da Justi\u00e7a, foi preso na tarde desta segunda-feira (31) por policiais do 37\u00ba Batalh\u00e3o de Pol\u00edcia Militar, em Resende. Contra ele havia um mandado de recaptura expedido pela 1\u00aa Vara Criminal do munic\u00edpio, em setembro de 2023, com validade at\u00e9 agosto de 2037.<\/p>\n\n\n\n<p class=\"wp-block-paragraph\"><a href=\"https:\/\/whatsapp.com\/channel\/0029Va9m4YZ9hXF07MKccN04\" target=\"_blank\" rel=\"noopener\"><strong>QUER RECEBER AS NOT\u00cdCIAS DA REGI\u00c3O EM TEMPO REAL? ACESSE NOSSO CANAL NO WHATSAPP CLICANDO AQUI<\/strong><\/a>\u00a0<\/p>\n\n\n\n<p class=\"wp-block-paragraph\">A pris\u00e3o aconteceu por volta das 16h40, na Rua Tr\u00eas, no bairro Jardim Esperan\u00e7a. Segundo a Pol\u00edcia Militar, o homem \u00e9 apontado como integrante e uma das lideran\u00e7as do Comando Vermelho na regi\u00e3o conhecida como Fazenda da Barra I, II e III.<\/p>\n\n\n\n<p class=\"wp-block-paragraph\">Ainda de acordo com a corpora\u00e7\u00e3o, o suspeito tamb\u00e9m \u00e9 investigado por poss\u00edvel envolvimento em homic\u00eddios registrados ao longo dos \u00faltimos anos na regi\u00e3o e teria liga\u00e7\u00e3o com ataques recentes no bairro Surubi.<\/p>\n\n\n\n<p class=\"wp-block-paragraph\">A localiza\u00e7\u00e3o do homem foi identificada a partir de informa\u00e7\u00f5es repassadas pelo setor de intelig\u00eancia. Uma equipe do Grupo de A\u00e7\u00f5es T\u00e1ticas, acompanhada pelo comandante da 2\u00aa Companhia, foi at\u00e9 o endere\u00e7o indicado para cumprir o mandado.<\/p>\n\n\n\n<p class=\"wp-block-paragraph\">Durante a opera\u00e7\u00e3o, os policiais avistaram o suspeito. Ao perceber a aproxima\u00e7\u00e3o da equipe, ele tentou fugir, passando por diferentes im\u00f3veis. Os agentes acompanharam a movimenta\u00e7\u00e3o e conseguiram encontr\u00e1-lo escondido dentro de uma resid\u00eancia, onde efetuaram a pris\u00e3o.<\/p>\n\n\n\n<p class=\"wp-block-paragraph\">A Pol\u00edcia Militar informou ainda que o homem possui dez registros criminais. Entre as anota\u00e7\u00f5es est\u00e3o tr\u00eas por homic\u00eddio, tr\u00eas por porte ilegal de arma de fogo, duas por tr\u00e1fico de drogas, uma por associa\u00e7\u00e3o para o tr\u00e1fico e uma por posse e uso de drogas.<\/p>\n\n\n\n<p class=\"wp-block-paragraph\">Ap\u00f3s a captura, o suspeito foi encaminhado para a 89\u00aa Delegacia de Pol\u00edcia, em Resende, onde permaneceu preso e \u00e0 disposi\u00e7\u00e3o da Justi\u00e7a.<\/p>\n\n\n\n<p class=\"wp-block-paragraph\">Nenhum material il\u00edcito foi apreendido durante a a\u00e7\u00e3o.<\/p>\n","protected":false},"excerpt":{"rendered":"<p>Um homem de 33 anos, considerado foragido da Justi\u00e7a, foi preso na tarde desta segunda-feira (31) por policiais do 37\u00ba Batalh\u00e3o de Pol\u00edcia Militar, em Resende. Contra ele havia um mandado de recaptura expedido pela 1\u00aa Vara Criminal do munic\u00edpio, em setembro de 2023, com validade at\u00e9 agosto de 2037. [&hellip;]<\/p>\n","protected":false},"author":1,"featured_media":30462,"comment_status":"open","ping_status":"closed","sticky":false,"template":"","format":"standard","meta":{"_seopress_titles_title":"","_seopress_titles_desc":"","_seopress_robots_index":"","_seopress_robots_follow":"","_seopress_robots_imageindex":"","_seopress_robots_snippet":"","_seopress_robots_primary_cat":"","_seopress_robots_breadcrumbs":"","_seopress_robots_freeze_modified_date":"","_seopress_robots_custom_modified_date":"","_seopress_robots_canonical":"","_seopress_social_fb_title":"","_seopress_social_fb_desc":"","_seopress_social_fb_img":"","_seopress_social_fb_img_attachment_id":0,"_seopress_social_fb_img_width":0,"_seopress_social_fb_img_height":0,"_seopress_social_twitter_title":"","_seopress_social_twitter_desc":"","_seopress_social_twitter_img":"","_seopress_social_twitter_img_attachment_id":0,"_seopress_social_twitter_img_width":0,"_seopress_social_twitter_img_height":0,"_seopress_redirections_value":"","_seopress_redirections_enabled":"","_seopress_redirections_enabled_regex":"","_seopress_redirections_logged_status":"","_seopress_redirections_param":"","_seopress_redirections_type":0,"_seopress_analysis_target_kw":"","footnotes":""},"categories":[53,38],"tags":[],"class_list":["post-30461","post","type-post","status-publish","format-standard","has-post-thumbnail","hentry","category-policia","category-resende"],"_links":{"self":[{"href":"https:\/\/www.jornalponto.com\/site\/wp-json\/wp\/v2\/posts\/30461","targetHints":{"allow":["GET"]}}],"collection":[{"href":"https:\/\/www.jornalponto.com\/site\/wp-json\/wp\/v2\/posts"}],"about":[{"href":"https:\/\/www.jornalponto.com\/site\/wp-json\/wp\/v2\/types\/post"}],"author":[{"embeddable":true,"href":"https:\/\/www.jornalponto.com\/site\/wp-json\/wp\/v2\/users\/1"}],"replies":[{"embeddable":true,"href":"https:\/\/www.jornalponto.com\/site\/wp-json\/wp\/v2\/comments?post=30461"}],"version-history":[{"count":1,"href":"https:\/\/www.jornalponto.com\/site\/wp-json\/wp\/v2\/posts\/30461\/revisions"}],"predecessor-version":[{"id":30463,"href":"https:\/\/www.jornalponto.com\/site\/wp-json\/wp\/v2\/posts\/30461\/revisions\/30463"}],"wp:featuredmedia":[{"embeddable":true,"href":"https:\/\/www.jornalponto.com\/site\/wp-json\/wp\/v2\/media\/30462"}],"wp:attachment":[{"href":"https:\/\/www.jornalponto.com\/site\/wp-json\/wp\/v2\/media?parent=30461"}],"wp:term":[{"taxonomy":"category","embeddable":true,"href":"https:\/\/www.jornalponto.com\/site\/wp-json\/wp\/v2\/categories?post=30461"},{"taxonomy":"post_tag","embeddable":true,"href":"https:\/\/www.jornalponto.com\/site\/wp-json\/wp\/v2\/tags?post=30461"}],"curies":[{"name":"wp","href":"https:\/\/api.w.org\/{rel}","templated":true}]}}