{"id":30464,"date":"2026-09-01T15:56:49","date_gmt":"2026-09-01T18:56:49","guid":{"rendered":"https:\/\/www.jornalponto.com\/site\/?p=30464"},"modified":"2026-09-01T15:56:58","modified_gmt":"2026-09-01T18:56:58","slug":"paulo-sandro-deixa-presidencia-da-camara-de-barra-mansa-marquinho-pitombeira-assume-o-cargo","status":"publish","type":"post","link":"https:\/\/www.jornalponto.com\/site\/2026\/09\/01\/paulo-sandro-deixa-presidencia-da-camara-de-barra-mansa-marquinho-pitombeira-assume-o-cargo\/","title":{"rendered":"Paulo Sandro deixa presid\u00eancia da C\u00e2mara de Barra Mansa; Marquinho Pitombeira assume o cargo"},"content":{"rendered":"\n<figure class=\"wp-block-image size-full is-resized\"><img alt=\"\" fetchpriority=\"high\" decoding=\"async\" width=\"768\" height=\"512\" src=\"https:\/\/www.jornalponto.com\/site\/wp-content\/uploads\/2026\/09\/vereador-paulo-sandro.jpeg\" alt=\"\" class=\"wp-image-30465\" style=\"width:535px;height:auto\" srcset=\"https:\/\/www.jornalponto.com\/site\/wp-content\/uploads\/2026\/09\/vereador-paulo-sandro.jpeg 768w, https:\/\/www.jornalponto.com\/site\/wp-content\/uploads\/2026\/09\/vereador-paulo-sandro-300x200.jpeg 300w\" sizes=\"(max-width: 768px) 100vw, 768px\" \/><\/figure>\n\n\n\n<p class=\"wp-block-paragraph\">O vereador Paulo Sandro, do Solidariedade, renunciou \u00e0 presid\u00eancia da C\u00e2mara Municipal de Barra Mansa. A sa\u00edda foi oficializada durante a sess\u00e3o desta ter\u00e7a-feira (1\u00ba), com a leitura da carta de ren\u00fancia no plen\u00e1rio. As informa\u00e7\u00f5es foram divulgadas inicialmente pelo jornal Folha do A\u00e7o.<\/p>\n\n\n\n<p class=\"wp-block-paragraph\">Logo ap\u00f3s a formaliza\u00e7\u00e3o, os vereadores realizaram uma nova elei\u00e7\u00e3o para definir quem comandaria o Legislativo at\u00e9 o fim do atual mandato da Mesa Diretora. Marquinho Pitombeira, do PL, foi escolhido por unanimidade para ocupar a presid\u00eancia at\u00e9 dezembro.<\/p>\n\n\n\n<p class=\"wp-block-paragraph\">Na carta apresentada aos parlamentares, Paulo Sandro afirmou que pretende concentrar sua atua\u00e7\u00e3o no mandato de vereador. Com a ren\u00fancia, ele permanece no cargo de parlamentar e continuar\u00e1 exercendo suas fun\u00e7\u00f5es na C\u00e2mara.<\/p>\n\n\n\n<p class=\"wp-block-paragraph\">A mudan\u00e7a acontece ap\u00f3s questionamentos jur\u00eddicos envolvendo a perman\u00eancia de Paulo Sandro na presid\u00eancia. Em julho, o Minist\u00e9rio P\u00fablico do Estado do Rio de Janeiro recomendou o afastamento do vereador do comando da C\u00e2mara e a anula\u00e7\u00e3o da elei\u00e7\u00e3o antecipada realizada em mar\u00e7o de 2025.<\/p>\n\n\n\n<p class=\"wp-block-paragraph\">Segundo o Minist\u00e9rio P\u00fablico, a perman\u00eancia consecutiva de Paulo Sandro na presid\u00eancia estaria em desacordo com o entendimento do Supremo Tribunal Federal sobre recondu\u00e7\u00f5es sucessivas para o mesmo cargo da Mesa Diretora. O vereador ocupava a presid\u00eancia desde 2023.<\/p>\n\n\n\n<p class=\"wp-block-paragraph\">Com a ren\u00fancia, Marquinho Pitombeira assume a condu\u00e7\u00e3o do Legislativo at\u00e9 o encerramento do mandato da atual Mesa. Em seu terceiro mandato como vereador, ele afirmou que pretende priorizar o di\u00e1logo e a uni\u00e3o entre os parlamentares.<\/p>\n\n\n\n<p class=\"wp-block-paragraph\">A mudan\u00e7a tamb\u00e9m movimenta o cen\u00e1rio pol\u00edtico de Barra Mansa. Entre as possibilidades discutidas nos bastidores est\u00e1 uma eventual participa\u00e7\u00e3o de Paulo Sandro no governo do prefeito Luiz Furlani, possivelmente ocupando uma secretaria. Essa possibilidade, por\u00e9m, ainda n\u00e3o foi confirmada oficialmente.<\/p>\n\n\n\n<p class=\"wp-block-paragraph\">Por enquanto, Paulo Sandro segue como vereador e Marquinho Pitombeira passa a responder pela presid\u00eancia da C\u00e2mara Municipal at\u00e9 dezembro.<\/p>\n","protected":false},"excerpt":{"rendered":"<p>O vereador Paulo Sandro, do Solidariedade, renunciou \u00e0 presid\u00eancia da C\u00e2mara Municipal de Barra Mansa. A sa\u00edda foi oficializada durante a sess\u00e3o desta ter\u00e7a-feira (1\u00ba), com a leitura da carta de ren\u00fancia no plen\u00e1rio. As informa\u00e7\u00f5es foram divulgadas inicialmente pelo jornal Folha do A\u00e7o. Logo ap\u00f3s a formaliza\u00e7\u00e3o, os vereadores [&hellip;]<\/p>\n","protected":false},"author":1,"featured_media":30465,"comment_status":"open","ping_status":"closed","sticky":false,"template":"","format":"standard","meta":{"_seopress_titles_title":"","_seopress_titles_desc":"","_seopress_robots_index":"","_seopress_robots_follow":"","_seopress_robots_imageindex":"","_seopress_robots_snippet":"","_seopress_robots_primary_cat":"","_seopress_robots_breadcrumbs":"","_seopress_robots_freeze_modified_date":"","_seopress_robots_custom_modified_date":"","_seopress_robots_canonical":"","_seopress_social_fb_title":"","_seopress_social_fb_desc":"","_seopress_social_fb_img":"","_seopress_social_fb_img_attachment_id":0,"_seopress_social_fb_img_width":0,"_seopress_social_fb_img_height":0,"_seopress_social_twitter_title":"","_seopress_social_twitter_desc":"","_seopress_social_twitter_img":"","_seopress_social_twitter_img_attachment_id":0,"_seopress_social_twitter_img_width":0,"_seopress_social_twitter_img_height":0,"_seopress_redirections_value":"","_seopress_redirections_enabled":"","_seopress_redirections_enabled_regex":"","_seopress_redirections_logged_status":"","_seopress_redirections_param":"","_seopress_redirections_type":0,"_seopress_analysis_target_kw":"","footnotes":""},"categories":[35,32,54],"tags":[],"class_list":["post-30464","post","type-post","status-publish","format-standard","has-post-thumbnail","hentry","category-barra-mansa","category-destaque","category-politica"],"_links":{"self":[{"href":"https:\/\/www.jornalponto.com\/site\/wp-json\/wp\/v2\/posts\/30464","targetHints":{"allow":["GET"]}}],"collection":[{"href":"https:\/\/www.jornalponto.com\/site\/wp-json\/wp\/v2\/posts"}],"about":[{"href":"https:\/\/www.jornalponto.com\/site\/wp-json\/wp\/v2\/types\/post"}],"author":[{"embeddable":true,"href":"https:\/\/www.jornalponto.com\/site\/wp-json\/wp\/v2\/users\/1"}],"replies":[{"embeddable":true,"href":"https:\/\/www.jornalponto.com\/site\/wp-json\/wp\/v2\/comments?post=30464"}],"version-history":[{"count":1,"href":"https:\/\/www.jornalponto.com\/site\/wp-json\/wp\/v2\/posts\/30464\/revisions"}],"predecessor-version":[{"id":30466,"href":"https:\/\/www.jornalponto.com\/site\/wp-json\/wp\/v2\/posts\/30464\/revisions\/30466"}],"wp:featuredmedia":[{"embeddable":true,"href":"https:\/\/www.jornalponto.com\/site\/wp-json\/wp\/v2\/media\/30465"}],"wp:attachment":[{"href":"https:\/\/www.jornalponto.com\/site\/wp-json\/wp\/v2\/media?parent=30464"}],"wp:term":[{"taxonomy":"category","embeddable":true,"href":"https:\/\/www.jornalponto.com\/site\/wp-json\/wp\/v2\/categories?post=30464"},{"taxonomy":"post_tag","embeddable":true,"href":"https:\/\/www.jornalponto.com\/site\/wp-json\/wp\/v2\/tags?post=30464"}],"curies":[{"name":"wp","href":"https:\/\/api.w.org\/{rel}","templated":true}]}}