{"id":30467,"date":"2026-09-01T18:13:25","date_gmt":"2026-09-01T21:13:25","guid":{"rendered":"https:\/\/www.jornalponto.com\/site\/?p=30467"},"modified":"2026-09-01T18:13:35","modified_gmt":"2026-09-01T21:13:35","slug":"foragido-suspeito-de-envolvimento-em-homicidios-e-preso-em-barra-mansa","status":"publish","type":"post","link":"https:\/\/www.jornalponto.com\/site\/2026\/09\/01\/foragido-suspeito-de-envolvimento-em-homicidios-e-preso-em-barra-mansa\/","title":{"rendered":"Foragido suspeito de envolvimento em homic\u00eddios \u00e9 preso em Barra Mansa"},"content":{"rendered":"\n<p class=\"wp-block-paragraph\">Um homem que estava foragido da Justi\u00e7a e \u00e9 apontado pela Pol\u00edcia Militar como suspeito de participa\u00e7\u00e3o em diversos homic\u00eddios na regi\u00e3o foi preso nesta ter\u00e7a-feira (1\u00ba), em Barra Mansa. A captura aconteceu no bairro Col\u00f4nia Santo Ant\u00f4nio, durante uma a\u00e7\u00e3o realizada por policiais do Grupamento de A\u00e7\u00f5es T\u00e1ticas (GAT II), do 28\u00ba Batalh\u00e3o da Pol\u00edcia Militar.<\/p>\n\n\n\n<p class=\"wp-block-paragraph\"><a href=\"https:\/\/whatsapp.com\/channel\/0029Va9m4YZ9hXF07MKccN04\" target=\"_blank\" rel=\"noopener\"><strong>QUER RECEBER AS NOT\u00cdCIAS DA REGI\u00c3O EM TEMPO REAL? ACESSE NOSSO CANAL NO WHATSAPP CLICANDO AQUI<\/strong><\/a><\/p>\n\n\n\n<p class=\"wp-block-paragraph\">Segundo a pol\u00edcia, a equipe recebeu uma den\u00fancia informando que dois homens estariam armados nas proximidades de uma borracharia, na Estrada Governador Chagas Freitas. Os suspeitos tamb\u00e9m teriam sido apontados como integrantes do Comando Vermelho e envolvidos em crimes de homic\u00eddio.<\/p>\n\n\n\n<p class=\"wp-block-paragraph\">Os agentes foram at\u00e9 o endere\u00e7o indicado e localizaram os dois homens. Conforme o relato policial, ao perceberem a aproxima\u00e7\u00e3o da equipe, eles tentaram escapar pelos fundos do estabelecimento, mas acabaram alcan\u00e7ados e abordados.<\/p>\n\n\n\n<p class=\"wp-block-paragraph\">Durante a revista, os policiais n\u00e3o encontraram armas, drogas ou outros materiais il\u00edcitos com a dupla. Uma busca tamb\u00e9m foi realizada em uma \u00e1rea de mata pr\u00f3xima, mas nenhum objeto irregular foi localizado.<\/p>\n\n\n\n<p class=\"wp-block-paragraph\">Ainda de acordo com a PM, os agentes j\u00e1 tinham informa\u00e7\u00f5es sobre a exist\u00eancia de um mandado de pris\u00e3o contra um dos abordados. Os dois foram levados para a 90\u00aa Delegacia de Pol\u00edcia de Barra Mansa, onde a ordem judicial foi confirmada.<\/p>\n\n\n\n<p class=\"wp-block-paragraph\">O homem que era procurado permaneceu preso e, segundo o registro da ocorr\u00eancia, precisou ser algemado devido ao risco de uma nova tentativa de fuga. O segundo abordado teve os antecedentes consultados e acabou liberado, j\u00e1 que n\u00e3o havia mandado contra ele e nenhum material il\u00edcito foi encontrado.<\/p>\n\n\n\n<p class=\"wp-block-paragraph\">O caso foi registrado como captura de foragido da Justi\u00e7a. O suspeito permanece \u00e0 disposi\u00e7\u00e3o do Poder Judici\u00e1rio<\/p>\n","protected":false},"excerpt":{"rendered":"<p>Um homem que estava foragido da Justi\u00e7a e \u00e9 apontado pela Pol\u00edcia Militar como suspeito de participa\u00e7\u00e3o em diversos homic\u00eddios na regi\u00e3o foi preso nesta ter\u00e7a-feira (1\u00ba), em Barra Mansa. A captura aconteceu no bairro Col\u00f4nia Santo Ant\u00f4nio, durante uma a\u00e7\u00e3o realizada por policiais do Grupamento de A\u00e7\u00f5es T\u00e1ticas (GAT [&hellip;]<\/p>\n","protected":false},"author":1,"featured_media":15444,"comment_status":"open","ping_status":"closed","sticky":false,"template":"","format":"standard","meta":{"_seopress_titles_title":"","_seopress_titles_desc":"","_seopress_robots_index":"","_seopress_robots_follow":"","_seopress_robots_imageindex":"","_seopress_robots_snippet":"","_seopress_robots_primary_cat":"","_seopress_robots_breadcrumbs":"","_seopress_robots_freeze_modified_date":"","_seopress_robots_custom_modified_date":"","_seopress_robots_canonical":"","_seopress_social_fb_title":"","_seopress_social_fb_desc":"","_seopress_social_fb_img":"","_seopress_social_fb_img_attachment_id":0,"_seopress_social_fb_img_width":0,"_seopress_social_fb_img_height":0,"_seopress_social_twitter_title":"","_seopress_social_twitter_desc":"","_seopress_social_twitter_img":"","_seopress_social_twitter_img_attachment_id":0,"_seopress_social_twitter_img_width":0,"_seopress_social_twitter_img_height":0,"_seopress_redirections_value":"","_seopress_redirections_enabled":"","_seopress_redirections_enabled_regex":"","_seopress_redirections_logged_status":"","_seopress_redirections_param":"","_seopress_redirections_type":0,"_seopress_analysis_target_kw":"","footnotes":""},"categories":[35,53],"tags":[],"class_list":["post-30467","post","type-post","status-publish","format-standard","has-post-thumbnail","hentry","category-barra-mansa","category-policia"],"_links":{"self":[{"href":"https:\/\/www.jornalponto.com\/site\/wp-json\/wp\/v2\/posts\/30467","targetHints":{"allow":["GET"]}}],"collection":[{"href":"https:\/\/www.jornalponto.com\/site\/wp-json\/wp\/v2\/posts"}],"about":[{"href":"https:\/\/www.jornalponto.com\/site\/wp-json\/wp\/v2\/types\/post"}],"author":[{"embeddable":true,"href":"https:\/\/www.jornalponto.com\/site\/wp-json\/wp\/v2\/users\/1"}],"replies":[{"embeddable":true,"href":"https:\/\/www.jornalponto.com\/site\/wp-json\/wp\/v2\/comments?post=30467"}],"version-history":[{"count":1,"href":"https:\/\/www.jornalponto.com\/site\/wp-json\/wp\/v2\/posts\/30467\/revisions"}],"predecessor-version":[{"id":30468,"href":"https:\/\/www.jornalponto.com\/site\/wp-json\/wp\/v2\/posts\/30467\/revisions\/30468"}],"wp:featuredmedia":[{"embeddable":true,"href":"https:\/\/www.jornalponto.com\/site\/wp-json\/wp\/v2\/media\/15444"}],"wp:attachment":[{"href":"https:\/\/www.jornalponto.com\/site\/wp-json\/wp\/v2\/media?parent=30467"}],"wp:term":[{"taxonomy":"category","embeddable":true,"href":"https:\/\/www.jornalponto.com\/site\/wp-json\/wp\/v2\/categories?post=30467"},{"taxonomy":"post_tag","embeddable":true,"href":"https:\/\/www.jornalponto.com\/site\/wp-json\/wp\/v2\/tags?post=30467"}],"curies":[{"name":"wp","href":"https:\/\/api.w.org\/{rel}","templated":true}]}}