{"id":30469,"date":"2026-09-01T20:40:45","date_gmt":"2026-09-01T23:40:45","guid":{"rendered":"https:\/\/www.jornalponto.com\/site\/?p=30469"},"modified":"2026-09-01T20:40:49","modified_gmt":"2026-09-01T23:40:49","slug":"investigacao-sobre-crimes-virtuais-em-grupo-de-whatsapp-termina-com-prisao-em-volta-redonda","status":"publish","type":"post","link":"https:\/\/www.jornalponto.com\/site\/2026\/09\/01\/investigacao-sobre-crimes-virtuais-em-grupo-de-whatsapp-termina-com-prisao-em-volta-redonda\/","title":{"rendered":"Investiga\u00e7\u00e3o sobre crimes virtuais em grupo de WhatsApp termina com pris\u00e3o em Volta Redonda"},"content":{"rendered":"\n<figure class=\"wp-block-image size-full\"><img alt=\"\" fetchpriority=\"high\" decoding=\"async\" width=\"573\" height=\"349\" src=\"https:\/\/www.jornalponto.com\/site\/wp-content\/uploads\/2026\/09\/mprj-vr.jpg\" alt=\"\" class=\"wp-image-30470\" srcset=\"https:\/\/www.jornalponto.com\/site\/wp-content\/uploads\/2026\/09\/mprj-vr.jpg 573w, https:\/\/www.jornalponto.com\/site\/wp-content\/uploads\/2026\/09\/mprj-vr-300x183.jpg 300w\" sizes=\"(max-width: 573px) 100vw, 573px\" \/><\/figure>\n\n\n\n<p class=\"wp-block-paragraph\">Uma investiga\u00e7\u00e3o iniciada ap\u00f3s o registro de ofensas raciais em um grupo de WhatsApp ligado \u00e0 comunidade acad\u00eamica de uma universidade federal com campus em Volta Redonda resultou na den\u00fancia e na pris\u00e3o preventiva de um homem investigado por uma s\u00e9rie de crimes cometidos no ambiente virtual. As informa\u00e7\u00f5es foram divulgadas inicialmente pelo jornal Di\u00e1rio do Vale.<\/p>\n\n\n\n<p class=\"wp-block-paragraph\"><a href=\"https:\/\/whatsapp.com\/channel\/0029Va9m4YZ9hXF07MKccN04\" target=\"_blank\" rel=\"noopener\"><strong>QUER RECEBER AS NOT\u00cdCIAS DA REGI\u00c3O EM TEMPO REAL? ACESSE NOSSO CANAL NO WHATSAPP CLICANDO AQUI<\/strong><\/a>\u00a0<\/p>\n\n\n\n<p class=\"wp-block-paragraph\">A den\u00fancia foi apresentada pelo Minist\u00e9rio P\u00fablico do Estado do Rio de Janeiro (MPRJ), por meio da Promotoria de Justi\u00e7a de Investiga\u00e7\u00e3o Penal de Volta Redonda. O nome do acusado n\u00e3o foi divulgado.<\/p>\n\n\n\n<p class=\"wp-block-paragraph\">De acordo com o Minist\u00e9rio P\u00fablico, a apura\u00e7\u00e3o revelou que o investigado utilizava a internet para publicar mensagens de conte\u00fado racista, manifesta\u00e7\u00f5es de \u00f3dio contra mulheres e declara\u00e7\u00f5es que incentivavam a viol\u00eancia sexual. A investiga\u00e7\u00e3o tamb\u00e9m identificou arquivos contendo material pornogr\u00e1fico envolvendo crian\u00e7as ou adolescentes, al\u00e9m de imagens de crueldade contra animais.<\/p>\n\n\n\n<p class=\"wp-block-paragraph\">O caso chegou \u00e0s autoridades depois que uma pessoa procurou os \u00f3rg\u00e3os competentes para denunciar mensagens de cunho racial recebidas em um grupo de WhatsApp relacionado \u00e0 comunidade acad\u00eamica de uma universidade federal instalada em Volta Redonda.<\/p>\n\n\n\n<p class=\"wp-block-paragraph\">Com o avan\u00e7o das investiga\u00e7\u00f5es e a identifica\u00e7\u00e3o do suspeito, a Justi\u00e7a autorizou a quebra do sigilo telem\u00e1tico. Segundo o MPRJ, a an\u00e1lise do material mostrou que as mensagens que deram origem \u00e0 apura\u00e7\u00e3o faziam parte de um conjunto mais amplo de conte\u00fados considerados criminosos.<\/p>\n\n\n\n<p class=\"wp-block-paragraph\">Entre os arquivos e mensagens analisados pelos investigadores estavam manifesta\u00e7\u00f5es racistas, ataques direcionados a mulheres e conte\u00fados relacionados ao incentivo \u00e0 viol\u00eancia sexual. Conforme o Minist\u00e9rio P\u00fablico, uma das mensagens atribu\u00eddas ao investigado tratava a pr\u00e1tica de estupro contra uma determinada pessoa como uma esp\u00e9cie de \u201cdever\u201d.<\/p>\n\n\n\n<h3 class=\"wp-block-heading\">Material envolvendo crian\u00e7as e crueldade contra animais<\/h3>\n\n\n\n<p class=\"wp-block-paragraph\">Durante a investiga\u00e7\u00e3o, tamb\u00e9m foram encontrados, segundo o MPRJ, arquivos de conte\u00fado pornogr\u00e1fico envolvendo crian\u00e7as ou adolescentes. A descoberta levou \u00e0 inclus\u00e3o de acusa\u00e7\u00f5es relacionadas \u00e0 posse e \u00e0 divulga\u00e7\u00e3o desse tipo de material.<\/p>\n\n\n\n<p class=\"wp-block-paragraph\">Os investigadores tamb\u00e9m localizaram imagens de animais mortos e mutilados. Entre os registros, conforme o Minist\u00e9rio P\u00fablico, havia uma fotografia na qual o pr\u00f3prio investigado apareceria segurando a cabe\u00e7a decapitada de um animal.<\/p>\n\n\n\n<p class=\"wp-block-paragraph\">Diante dos elementos reunidos, o Minist\u00e9rio P\u00fablico solicitou inicialmente a pris\u00e3o tempor\u00e1ria do suspeito e o cumprimento de mandados de busca e apreens\u00e3o.<\/p>\n\n\n\n<p class=\"wp-block-paragraph\">As medidas foram autorizadas pelo Ju\u00edzo da 4\u00aa Vara das Garantias e cumpridas no dia 31 de julho de 2026. A opera\u00e7\u00e3o contou com a participa\u00e7\u00e3o da Pol\u00edcia Civil de Santa Catarina, em colabora\u00e7\u00e3o com a Pol\u00edcia Civil do Estado do Rio de Janeiro.<\/p>\n\n\n\n<p class=\"wp-block-paragraph\">Posteriormente, o Minist\u00e9rio P\u00fablico conseguiu a convers\u00e3o da medida em pris\u00e3o preventiva.<\/p>\n\n\n\n<p class=\"wp-block-paragraph\">Al\u00e9m das acusa\u00e7\u00f5es criminais, a Promotoria tamb\u00e9m solicitou que o acusado seja condenado ao pagamento de indeniza\u00e7\u00e3o por danos morais individuais e coletivos no valor correspondente a 100 sal\u00e1rios m\u00ednimos.<\/p>\n\n\n\n<p class=\"wp-block-paragraph\">O MPRJ destacou ainda que o caso refor\u00e7a a necessidade de aten\u00e7\u00e3o aos crimes praticados pela internet, como racismo, fraudes, amea\u00e7as e extors\u00f5es. O \u00f3rg\u00e3o ressalta que a aparente sensa\u00e7\u00e3o de anonimato proporcionada pelo ambiente digital n\u00e3o impede que usu\u00e1rios sejam identificados pelas autoridades.<\/p>\n\n\n\n<p class=\"wp-block-paragraph\">A orienta\u00e7\u00e3o \u00e9 para que pessoas v\u00edtimas de crimes virtuais procurem a Pol\u00edcia Civil ou o Minist\u00e9rio P\u00fablico e formalizem a den\u00fancia. O registro dos fatos pode contribuir para a preserva\u00e7\u00e3o de provas e para o andamento das investiga\u00e7\u00f5es.<\/p>\n","protected":false},"excerpt":{"rendered":"<p>Uma investiga\u00e7\u00e3o iniciada ap\u00f3s o registro de ofensas raciais em um grupo de WhatsApp ligado \u00e0 comunidade acad\u00eamica de uma universidade federal com campus em Volta Redonda resultou na den\u00fancia e na pris\u00e3o preventiva de um homem investigado por uma s\u00e9rie de crimes cometidos no ambiente virtual. As informa\u00e7\u00f5es foram [&hellip;]<\/p>\n","protected":false},"author":1,"featured_media":30470,"comment_status":"open","ping_status":"closed","sticky":false,"template":"","format":"standard","meta":{"_seopress_titles_title":"","_seopress_titles_desc":"","_seopress_robots_index":"","_seopress_robots_follow":"","_seopress_robots_imageindex":"","_seopress_robots_snippet":"","_seopress_robots_primary_cat":"","_seopress_robots_breadcrumbs":"","_seopress_robots_freeze_modified_date":"","_seopress_robots_custom_modified_date":"","_seopress_robots_canonical":"","_seopress_social_fb_title":"","_seopress_social_fb_desc":"","_seopress_social_fb_img":"","_seopress_social_fb_img_attachment_id":0,"_seopress_social_fb_img_width":0,"_seopress_social_fb_img_height":0,"_seopress_social_twitter_title":"","_seopress_social_twitter_desc":"","_seopress_social_twitter_img":"","_seopress_social_twitter_img_attachment_id":0,"_seopress_social_twitter_img_width":0,"_seopress_social_twitter_img_height":0,"_seopress_redirections_value":"","_seopress_redirections_enabled":"","_seopress_redirections_enabled_regex":"","_seopress_redirections_logged_status":"","_seopress_redirections_param":"","_seopress_redirections_type":0,"_seopress_analysis_target_kw":"","footnotes":""},"categories":[32,53,34],"tags":[],"class_list":["post-30469","post","type-post","status-publish","format-standard","has-post-thumbnail","hentry","category-destaque","category-policia","category-volta-redonda"],"_links":{"self":[{"href":"https:\/\/www.jornalponto.com\/site\/wp-json\/wp\/v2\/posts\/30469","targetHints":{"allow":["GET"]}}],"collection":[{"href":"https:\/\/www.jornalponto.com\/site\/wp-json\/wp\/v2\/posts"}],"about":[{"href":"https:\/\/www.jornalponto.com\/site\/wp-json\/wp\/v2\/types\/post"}],"author":[{"embeddable":true,"href":"https:\/\/www.jornalponto.com\/site\/wp-json\/wp\/v2\/users\/1"}],"replies":[{"embeddable":true,"href":"https:\/\/www.jornalponto.com\/site\/wp-json\/wp\/v2\/comments?post=30469"}],"version-history":[{"count":1,"href":"https:\/\/www.jornalponto.com\/site\/wp-json\/wp\/v2\/posts\/30469\/revisions"}],"predecessor-version":[{"id":30471,"href":"https:\/\/www.jornalponto.com\/site\/wp-json\/wp\/v2\/posts\/30469\/revisions\/30471"}],"wp:featuredmedia":[{"embeddable":true,"href":"https:\/\/www.jornalponto.com\/site\/wp-json\/wp\/v2\/media\/30470"}],"wp:attachment":[{"href":"https:\/\/www.jornalponto.com\/site\/wp-json\/wp\/v2\/media?parent=30469"}],"wp:term":[{"taxonomy":"category","embeddable":true,"href":"https:\/\/www.jornalponto.com\/site\/wp-json\/wp\/v2\/categories?post=30469"},{"taxonomy":"post_tag","embeddable":true,"href":"https:\/\/www.jornalponto.com\/site\/wp-json\/wp\/v2\/tags?post=30469"}],"curies":[{"name":"wp","href":"https:\/\/api.w.org\/{rel}","templated":true}]}}