{"id":30474,"date":"2026-09-02T08:18:46","date_gmt":"2026-09-02T11:18:46","guid":{"rendered":"https:\/\/www.jornalponto.com\/site\/?p=30474"},"modified":"2026-09-02T08:18:51","modified_gmt":"2026-09-02T11:18:51","slug":"prf-recupera-veiculo-roubado-avaliado-em-r-108-mil-roubado-durante-abordagem-na-via-dutra-em-porto-real","status":"publish","type":"post","link":"https:\/\/www.jornalponto.com\/site\/2026\/09\/02\/prf-recupera-veiculo-roubado-avaliado-em-r-108-mil-roubado-durante-abordagem-na-via-dutra-em-porto-real\/","title":{"rendered":"PRF recupera ve\u00edculo roubado avaliado em R$ 108 mil roubado durante abordagem na Via Dutra, em Porto Real"},"content":{"rendered":"\n<figure class=\"wp-block-image size-full\"><img alt=\"\" fetchpriority=\"high\" decoding=\"async\" width=\"690\" height=\"420\" src=\"https:\/\/www.jornalponto.com\/site\/wp-content\/uploads\/2026\/09\/jeep-prf.jpg\" alt=\"\" class=\"wp-image-30475\" srcset=\"https:\/\/www.jornalponto.com\/site\/wp-content\/uploads\/2026\/09\/jeep-prf.jpg 690w, https:\/\/www.jornalponto.com\/site\/wp-content\/uploads\/2026\/09\/jeep-prf-300x183.jpg 300w\" sizes=\"(max-width: 690px) 100vw, 690px\" \/><\/figure>\n\n\n\n<p class=\"wp-block-paragraph\">Um Jeep Renegade com registro de roubo foi recuperado pela Pol\u00edcia Rodovi\u00e1ria Federal (PRF) durante uma abordagem na madrugada desta quarta-feira (2), na Rodovia Presidente Dutra, em Porto Real. Duas jovens, de 22 e 21 anos, estavam no ve\u00edculo no momento da fiscaliza\u00e7\u00e3o.<\/p>\n\n\n\n<p class=\"wp-block-paragraph\"><a href=\"https:\/\/whatsapp.com\/channel\/0029Va9m4YZ9hXF07MKccN04\" target=\"_blank\" rel=\"noopener\"><strong>QUER RECEBER AS NOT\u00cdCIAS DA REGI\u00c3O EM TEMPO REAL? ACESSE NOSSO CANAL NO WHATSAPP CLICANDO AQUI<\/strong><\/a>\u00a0<\/p>\n\n\n\n<p class=\"wp-block-paragraph\">A abordagem aconteceu na altura do km 298. Durante a inspe\u00e7\u00e3o, os agentes identificaram sinais de adultera\u00e7\u00e3o nos elementos de identifica\u00e7\u00e3o do autom\u00f3vel, que circulava com uma placa de Uberaba, em Minas Gerais.<\/p>\n\n\n\n<p class=\"wp-block-paragraph\">Ap\u00f3s uma verifica\u00e7\u00e3o mais detalhada, os policiais constataram que a placa era clonada. O ve\u00edculo, um modelo 2024 avaliado em aproximadamente R$ 108 mil, havia sido registrado na cidade do Rio de Janeiro e possu\u00eda uma ocorr\u00eancia de roubo.<\/p>\n\n\n\n<p class=\"wp-block-paragraph\">A jovem que estava no banco do passageiro afirmou aos policiais que o carro pertenceria ao marido dela. Segundo o relato, como ela n\u00e3o possui carteira de habilita\u00e7\u00e3o, a amiga era quem conduzia o Renegade.<\/p>\n\n\n\n<p class=\"wp-block-paragraph\">As duas ocupantes foram detidas e encaminhadas para a delegacia de Porto Real, onde o caso foi apresentado para as provid\u00eancias cab\u00edveis. A investiga\u00e7\u00e3o dever\u00e1 esclarecer a proced\u00eancia do ve\u00edculo e a eventual participa\u00e7\u00e3o das duas mulheres no crime.<\/p>\n","protected":false},"excerpt":{"rendered":"<p>Um Jeep Renegade com registro de roubo foi recuperado pela Pol\u00edcia Rodovi\u00e1ria Federal (PRF) durante uma abordagem na madrugada desta quarta-feira (2), na Rodovia Presidente Dutra, em Porto Real. Duas jovens, de 22 e 21 anos, estavam no ve\u00edculo no momento da fiscaliza\u00e7\u00e3o. QUER RECEBER AS NOT\u00cdCIAS DA REGI\u00c3O EM [&hellip;]<\/p>\n","protected":false},"author":1,"featured_media":30475,"comment_status":"open","ping_status":"closed","sticky":false,"template":"","format":"standard","meta":{"_seopress_titles_title":"","_seopress_titles_desc":"","_seopress_robots_index":"","_seopress_robots_follow":"","_seopress_robots_imageindex":"","_seopress_robots_snippet":"","_seopress_robots_primary_cat":"","_seopress_robots_breadcrumbs":"","_seopress_robots_freeze_modified_date":"","_seopress_robots_custom_modified_date":"","_seopress_robots_canonical":"","_seopress_social_fb_title":"","_seopress_social_fb_desc":"","_seopress_social_fb_img":"","_seopress_social_fb_img_attachment_id":0,"_seopress_social_fb_img_width":0,"_seopress_social_fb_img_height":0,"_seopress_social_twitter_title":"","_seopress_social_twitter_desc":"","_seopress_social_twitter_img":"","_seopress_social_twitter_img_attachment_id":0,"_seopress_social_twitter_img_width":0,"_seopress_social_twitter_img_height":0,"_seopress_redirections_value":"","_seopress_redirections_enabled":"","_seopress_redirections_enabled_regex":"","_seopress_redirections_logged_status":"","_seopress_redirections_param":"","_seopress_redirections_type":0,"_seopress_analysis_target_kw":"","footnotes":""},"categories":[53,45],"tags":[],"class_list":["post-30474","post","type-post","status-publish","format-standard","has-post-thumbnail","hentry","category-policia","category-porto-real"],"_links":{"self":[{"href":"https:\/\/www.jornalponto.com\/site\/wp-json\/wp\/v2\/posts\/30474","targetHints":{"allow":["GET"]}}],"collection":[{"href":"https:\/\/www.jornalponto.com\/site\/wp-json\/wp\/v2\/posts"}],"about":[{"href":"https:\/\/www.jornalponto.com\/site\/wp-json\/wp\/v2\/types\/post"}],"author":[{"embeddable":true,"href":"https:\/\/www.jornalponto.com\/site\/wp-json\/wp\/v2\/users\/1"}],"replies":[{"embeddable":true,"href":"https:\/\/www.jornalponto.com\/site\/wp-json\/wp\/v2\/comments?post=30474"}],"version-history":[{"count":1,"href":"https:\/\/www.jornalponto.com\/site\/wp-json\/wp\/v2\/posts\/30474\/revisions"}],"predecessor-version":[{"id":30477,"href":"https:\/\/www.jornalponto.com\/site\/wp-json\/wp\/v2\/posts\/30474\/revisions\/30477"}],"wp:featuredmedia":[{"embeddable":true,"href":"https:\/\/www.jornalponto.com\/site\/wp-json\/wp\/v2\/media\/30475"}],"wp:attachment":[{"href":"https:\/\/www.jornalponto.com\/site\/wp-json\/wp\/v2\/media?parent=30474"}],"wp:term":[{"taxonomy":"category","embeddable":true,"href":"https:\/\/www.jornalponto.com\/site\/wp-json\/wp\/v2\/categories?post=30474"},{"taxonomy":"post_tag","embeddable":true,"href":"https:\/\/www.jornalponto.com\/site\/wp-json\/wp\/v2\/tags?post=30474"}],"curies":[{"name":"wp","href":"https:\/\/api.w.org\/{rel}","templated":true}]}}