{"id":30478,"date":"2026-09-02T08:54:48","date_gmt":"2026-09-02T11:54:48","guid":{"rendered":"https:\/\/www.jornalponto.com\/site\/?p=30478"},"modified":"2026-09-02T08:59:49","modified_gmt":"2026-09-02T11:59:49","slug":"pgr-pede-anulacao-de-investigacao-sobre-conversas-de-moraes-e-vorcaro","status":"publish","type":"post","link":"https:\/\/www.jornalponto.com\/site\/2026\/09\/02\/pgr-pede-anulacao-de-investigacao-sobre-conversas-de-moraes-e-vorcaro\/","title":{"rendered":"PGR pede anula\u00e7\u00e3o de investiga\u00e7\u00e3o sobre conversas de Moraes e Vorcaro"},"content":{"rendered":"\n<figure class=\"wp-block-image size-full is-resized\"><img alt=\"\" fetchpriority=\"high\" decoding=\"async\" width=\"877\" height=\"497\" src=\"https:\/\/www.jornalponto.com\/site\/wp-content\/uploads\/2026\/09\/MORAES-VORCARO.jpg\" alt=\"\" class=\"wp-image-30479\" style=\"aspect-ratio:1.7645900347928838;width:517px;height:auto\" srcset=\"https:\/\/www.jornalponto.com\/site\/wp-content\/uploads\/2026\/09\/MORAES-VORCARO.jpg 877w, https:\/\/www.jornalponto.com\/site\/wp-content\/uploads\/2026\/09\/MORAES-VORCARO-300x170.jpg 300w, https:\/\/www.jornalponto.com\/site\/wp-content\/uploads\/2026\/09\/MORAES-VORCARO-768x435.jpg 768w\" sizes=\"(max-width: 877px) 100vw, 877px\" \/><\/figure>\n\n\n\n<p class=\"wp-block-paragraph\"><strong>O procurador-geral da Rep\u00fablica, Paulo Gonet, defendeu na noite desta ter\u00e7a-feira (1\u00ba) a\u00a0<a href=\"https:\/\/agenciabrasil.ebc.com.br\/justica\/noticia\/2026-09\/pgr-deve-se-manifestar-sobre-supostas-conversas-entre-vorcaro-e-moraes\">nulidade da investiga\u00e7\u00e3o da Pol\u00edcia Federal (PF)\u00a0<\/a>que encontrou as mensagens trocadas entre o ex-banqueiro Daniel Vorcaro e o ministro Alexandre de Moraes, do Supremo Tribunal Federal (STF)<\/strong><img decoding=\"async\" src=\"https:\/\/agenciabrasil.ebc.com.br\/ebc.png?id=1701290&amp;o=node\"><img decoding=\"async\" src=\"https:\/\/agenciabrasil.ebc.com.br\/ebc.gif?id=1701290&amp;o=node\">. As informa\u00e7\u00f5es s\u00e3o da Ag\u00eancia Brasil.<\/p>\n\n\n\n<p class=\"wp-block-paragraph\"><strong>Na manifesta\u00e7\u00e3o enviada \u00e0 Corte, Gonet disse que o relator do caso, ministro Andr\u00e9 Mendon\u00e7a, investigou Moraes ilegalmente ao determinar&nbsp;o aprofundamento da investiga\u00e7\u00e3o&nbsp;<\/strong>sobre o caso Master para esmiu\u00e7ar as conversas envolvendo Moraes e o ex-banqueiro.&nbsp;<\/p>\n\n\n\n<p class=\"wp-block-paragraph\"><a href=\"https:\/\/whatsapp.com\/channel\/0029Va9m4YZ9hXF07MKccN04\" target=\"_blank\" rel=\"noopener\"><strong>QUER RECEBER AS NOT\u00cdCIAS DA REGI\u00c3O EM TEMPO REAL? ACESSE NOSSO CANAL NO WHATSAPP CLICANDO AQUI<\/strong><\/a>\u00a0<\/p>\n\n\n\n<p class=\"wp-block-paragraph\">No entendimento do procurador, o aprofundamento da apura\u00e7\u00e3o s\u00f3 poderia ocorrer ap\u00f3s autoriza\u00e7\u00e3o do plen\u00e1rio da Corte.&nbsp;<\/p>\n\n\n\n<p class=\"wp-block-paragraph\">No entendimento do procurador, eventual investiga\u00e7\u00e3o contra Moraes deveria ser direcionada o presidente da Corte, Edson Fachin, que levaria do caso ao plen\u00e1rio, e n\u00e3o diretamente para execu\u00e7\u00e3o da PF.&nbsp;<\/p>\n\n\n\n<blockquote class=\"wp-block-quote is-layout-flow wp-block-quote-is-layout-flow\">\n<p class=\"wp-block-paragraph\">\u201cA ordem dada \u00e0 autoridade policial para investigar pessoas espec\u00edficas, sem pedido do Minist\u00e9rio P\u00fablico e sem iniciativa da autoridade policial, \u00e9 nula, por exceder os limites de compet\u00eancia do magistrado na fase pr\u00e9-processual\u201d, afirmou Gonet.&nbsp;<\/p>\n<\/blockquote>\n\n\n\n<p class=\"wp-block-paragraph\">O parecer enviado ap\u00f3s Mendon\u00e7a pedir que a PGR se manifestasse sobre o relat\u00f3rio da PF que faz men\u00e7\u00f5es ao ministro Alexandre de Moraes e o pr\u00f3prio procurador-geral.&nbsp;<\/p>\n\n\n\n<p class=\"wp-block-paragraph\"><strong>As cita\u00e7\u00f5es aos nomes de Moraes e Gonet foram captadas pela PF a partir da quebra de sigilo do celular do ex-banqueiro Daniel Vorcaro,<\/strong>&nbsp;alvo das investiga\u00e7\u00f5es da Opera\u00e7\u00e3o Compliance Zero, que investiga fraudes financeiras no Banco Master. O sigilo do relat\u00f3rio de investiga\u00e7\u00e3o foi retirado nesta ter\u00e7a-feira (1\u00b0).&nbsp;<\/p>\n","protected":false},"excerpt":{"rendered":"<p>O procurador-geral da Rep\u00fablica, Paulo Gonet, defendeu na noite desta ter\u00e7a-feira (1\u00ba) a\u00a0nulidade da investiga\u00e7\u00e3o da Pol\u00edcia Federal (PF)\u00a0que encontrou as mensagens trocadas entre o ex-banqueiro Daniel Vorcaro e o ministro Alexandre de Moraes, do Supremo Tribunal Federal (STF). As informa\u00e7\u00f5es s\u00e3o da Ag\u00eancia Brasil. Na manifesta\u00e7\u00e3o enviada \u00e0 Corte, [&hellip;]<\/p>\n","protected":false},"author":1,"featured_media":30479,"comment_status":"open","ping_status":"closed","sticky":false,"template":"","format":"standard","meta":{"_seopress_titles_title":"","_seopress_titles_desc":"","_seopress_robots_index":"","_seopress_robots_follow":"","_seopress_robots_imageindex":"","_seopress_robots_snippet":"","_seopress_robots_primary_cat":"","_seopress_robots_breadcrumbs":"","_seopress_robots_freeze_modified_date":"","_seopress_robots_custom_modified_date":"","_seopress_robots_canonical":"","_seopress_social_fb_title":"","_seopress_social_fb_desc":"","_seopress_social_fb_img":"","_seopress_social_fb_img_attachment_id":0,"_seopress_social_fb_img_width":0,"_seopress_social_fb_img_height":0,"_seopress_social_twitter_title":"","_seopress_social_twitter_desc":"","_seopress_social_twitter_img":"","_seopress_social_twitter_img_attachment_id":0,"_seopress_social_twitter_img_width":0,"_seopress_social_twitter_img_height":0,"_seopress_redirections_value":"","_seopress_redirections_enabled":"","_seopress_redirections_enabled_regex":"","_seopress_redirections_logged_status":"","_seopress_redirections_param":"","_seopress_redirections_type":0,"_seopress_analysis_target_kw":"","footnotes":""},"categories":[33,32],"tags":[],"class_list":["post-30478","post","type-post","status-publish","format-standard","has-post-thumbnail","hentry","category-brasil-e-mundo","category-destaque"],"_links":{"self":[{"href":"https:\/\/www.jornalponto.com\/site\/wp-json\/wp\/v2\/posts\/30478","targetHints":{"allow":["GET"]}}],"collection":[{"href":"https:\/\/www.jornalponto.com\/site\/wp-json\/wp\/v2\/posts"}],"about":[{"href":"https:\/\/www.jornalponto.com\/site\/wp-json\/wp\/v2\/types\/post"}],"author":[{"embeddable":true,"href":"https:\/\/www.jornalponto.com\/site\/wp-json\/wp\/v2\/users\/1"}],"replies":[{"embeddable":true,"href":"https:\/\/www.jornalponto.com\/site\/wp-json\/wp\/v2\/comments?post=30478"}],"version-history":[{"count":2,"href":"https:\/\/www.jornalponto.com\/site\/wp-json\/wp\/v2\/posts\/30478\/revisions"}],"predecessor-version":[{"id":30481,"href":"https:\/\/www.jornalponto.com\/site\/wp-json\/wp\/v2\/posts\/30478\/revisions\/30481"}],"wp:featuredmedia":[{"embeddable":true,"href":"https:\/\/www.jornalponto.com\/site\/wp-json\/wp\/v2\/media\/30479"}],"wp:attachment":[{"href":"https:\/\/www.jornalponto.com\/site\/wp-json\/wp\/v2\/media?parent=30478"}],"wp:term":[{"taxonomy":"category","embeddable":true,"href":"https:\/\/www.jornalponto.com\/site\/wp-json\/wp\/v2\/categories?post=30478"},{"taxonomy":"post_tag","embeddable":true,"href":"https:\/\/www.jornalponto.com\/site\/wp-json\/wp\/v2\/tags?post=30478"}],"curies":[{"name":"wp","href":"https:\/\/api.w.org\/{rel}","templated":true}]}}