{"id":30482,"date":"2026-09-02T09:08:15","date_gmt":"2026-09-02T12:08:15","guid":{"rendered":"https:\/\/www.jornalponto.com\/site\/?p=30482"},"modified":"2026-09-02T09:08:16","modified_gmt":"2026-09-02T12:08:16","slug":"homem-com-mandado-de-prisao-em-aberto-e-preso-em-barra-mansa","status":"publish","type":"post","link":"https:\/\/www.jornalponto.com\/site\/2026\/09\/02\/homem-com-mandado-de-prisao-em-aberto-e-preso-em-barra-mansa\/","title":{"rendered":"Homem com mandado de pris\u00e3o em aberto \u00e9 preso em Barra Mansa"},"content":{"rendered":"\n<p class=\"wp-block-paragraph\"><\/p>\n\n\n\n<p class=\"wp-block-paragraph\">SACODE POL\u00cdCIA Com Tico Balan\u00e7o<\/p>\n\n\n\n<p class=\"wp-block-paragraph\"><br>Um homem de 30 anos foi preso na tarde desta ter\u00e7a-feira (1\u00ba), no bairro Col\u00f4nia Santo Ant\u00f4nio, em Barra Mansa, ap\u00f3s a confirma\u00e7\u00e3o de um mandado de pris\u00e3o em aberto. A abordagem ocorreu na Estrada Governador Chagas Freitas.<\/p>\n\n\n\n<p class=\"wp-block-paragraph\"><a href=\"https:\/\/whatsapp.com\/channel\/0029Va9m4YZ9hXF07MKccN04\" target=\"_blank\" rel=\"noopener\"><strong>QUER RECEBER AS NOT\u00cdCIAS DA REGI\u00c3O EM TEMPO REAL? ACESSE NOSSO CANAL NO WHATSAPP CLICANDO AQUI<\/strong><\/a>\u00a0<br>Agentes do GAT II da 2\u00aa CIA da PM, foram ao local ap\u00f3s receberem uma den\u00fancia de que dois homens estariam portando armas de fogo nas proximidades de uma borracharia. Ao perceberem a chegada da equipe, os dois tentaram fugir pelos fundos do estabelecimento, mas foram alcan\u00e7ados.<br>Durante a revista pessoal, nada de il\u00edcito foi encontrado. Os policiais tamb\u00e9m realizaram buscas em uma \u00e1rea de mata pr\u00f3xima, sem localizar armas ou outros materiais irregulares.<br>Os dois foram conduzidos \u00e0 90\u00aa DP. Conforme o relato policial, o homem, de 30 anos, permaneceu preso ap\u00f3s a confirma\u00e7\u00e3o do mandado. O motivo da ordem judicial n\u00e3o foi informado no registro. O outro homem, de 37 anos, foi liberado. A ocorr\u00eancia foi registrada pelos sargentos Bragan\u00e7a, Cristiano, Eder Rosa, Gustavo, e cabo N. Alves.<\/p>\n","protected":false},"excerpt":{"rendered":"<p>SACODE POL\u00cdCIA Com Tico Balan\u00e7o Um homem de 30 anos foi preso na tarde desta ter\u00e7a-feira (1\u00ba), no bairro Col\u00f4nia Santo Ant\u00f4nio, em Barra Mansa, ap\u00f3s a confirma\u00e7\u00e3o de um mandado de pris\u00e3o em aberto. A abordagem ocorreu na Estrada Governador Chagas Freitas. QUER RECEBER AS NOT\u00cdCIAS DA REGI\u00c3O EM [&hellip;]<\/p>\n","protected":false},"author":1,"featured_media":30483,"comment_status":"open","ping_status":"closed","sticky":false,"template":"","format":"standard","meta":{"_seopress_titles_title":"","_seopress_titles_desc":"","_seopress_robots_index":"","_seopress_robots_follow":"","_seopress_robots_imageindex":"","_seopress_robots_snippet":"","_seopress_robots_primary_cat":"","_seopress_robots_breadcrumbs":"","_seopress_robots_freeze_modified_date":"","_seopress_robots_custom_modified_date":"","_seopress_robots_canonical":"","_seopress_social_fb_title":"","_seopress_social_fb_desc":"","_seopress_social_fb_img":"","_seopress_social_fb_img_attachment_id":0,"_seopress_social_fb_img_width":0,"_seopress_social_fb_img_height":0,"_seopress_social_twitter_title":"","_seopress_social_twitter_desc":"","_seopress_social_twitter_img":"","_seopress_social_twitter_img_attachment_id":0,"_seopress_social_twitter_img_width":0,"_seopress_social_twitter_img_height":0,"_seopress_redirections_value":"","_seopress_redirections_enabled":"","_seopress_redirections_enabled_regex":"","_seopress_redirections_logged_status":"","_seopress_redirections_param":"","_seopress_redirections_type":0,"_seopress_analysis_target_kw":"","footnotes":""},"categories":[35,90,72],"tags":[],"class_list":["post-30482","post","type-post","status-publish","format-standard","has-post-thumbnail","hentry","category-barra-mansa","category-sacode-policia","category-ultimas"],"_links":{"self":[{"href":"https:\/\/www.jornalponto.com\/site\/wp-json\/wp\/v2\/posts\/30482","targetHints":{"allow":["GET"]}}],"collection":[{"href":"https:\/\/www.jornalponto.com\/site\/wp-json\/wp\/v2\/posts"}],"about":[{"href":"https:\/\/www.jornalponto.com\/site\/wp-json\/wp\/v2\/types\/post"}],"author":[{"embeddable":true,"href":"https:\/\/www.jornalponto.com\/site\/wp-json\/wp\/v2\/users\/1"}],"replies":[{"embeddable":true,"href":"https:\/\/www.jornalponto.com\/site\/wp-json\/wp\/v2\/comments?post=30482"}],"version-history":[{"count":1,"href":"https:\/\/www.jornalponto.com\/site\/wp-json\/wp\/v2\/posts\/30482\/revisions"}],"predecessor-version":[{"id":30484,"href":"https:\/\/www.jornalponto.com\/site\/wp-json\/wp\/v2\/posts\/30482\/revisions\/30484"}],"wp:featuredmedia":[{"embeddable":true,"href":"https:\/\/www.jornalponto.com\/site\/wp-json\/wp\/v2\/media\/30483"}],"wp:attachment":[{"href":"https:\/\/www.jornalponto.com\/site\/wp-json\/wp\/v2\/media?parent=30482"}],"wp:term":[{"taxonomy":"category","embeddable":true,"href":"https:\/\/www.jornalponto.com\/site\/wp-json\/wp\/v2\/categories?post=30482"},{"taxonomy":"post_tag","embeddable":true,"href":"https:\/\/www.jornalponto.com\/site\/wp-json\/wp\/v2\/tags?post=30482"}],"curies":[{"name":"wp","href":"https:\/\/api.w.org\/{rel}","templated":true}]}}