{"id":30485,"date":"2026-09-02T09:44:59","date_gmt":"2026-09-02T12:44:59","guid":{"rendered":"https:\/\/www.jornalponto.com\/site\/?p=30485"},"modified":"2026-09-02T09:45:13","modified_gmt":"2026-09-02T12:45:13","slug":"pf-cumpre-mandados-em-barra-mansa-e-resende-contra-abuso-sexual-infantojuvenil-na-internet","status":"publish","type":"post","link":"https:\/\/www.jornalponto.com\/site\/2026\/09\/02\/pf-cumpre-mandados-em-barra-mansa-e-resende-contra-abuso-sexual-infantojuvenil-na-internet\/","title":{"rendered":"PF cumpre mandados em Barra Mansa e Resende contra abuso sexual infantojuvenil na internet"},"content":{"rendered":"\n<p class=\"wp-block-paragraph\">SACODE POL\u00cdCIA Com Tico Balan\u00e7o<\/p>\n\n\n\n<p class=\"wp-block-paragraph\"><br>A Pol\u00edcia Federal deflagrou nesta quarta-feira (2) a 5\u00aa fase da Opera\u00e7\u00e3o Prote\u00e7\u00e3o Integral, voltada ao combate ao armazenamento e ao compartilhamento de material de abuso sexual de crian\u00e7as e adolescentes na internet. Durante a madrugada, agentes da Delegacia da PF de Volta Redonda cumpriram mandados no Centro de Barra Mansa e em Resende.<\/p>\n\n\n\n<p class=\"wp-block-paragraph\"><a href=\"https:\/\/whatsapp.com\/channel\/0029Va9m4YZ9hXF07MKccN04\" target=\"_blank\" rel=\"noopener\"><strong>QUER RECEBER AS NOT\u00cdCIAS DA REGI\u00c3O EM TEMPO REAL? ACESSE NOSSO CANAL NO WHATSAPP CLICANDO AQUI<\/strong><\/a>\u00a0<\/p>\n\n\n\n<p class=\"wp-block-paragraph\"><br>Segundo informa\u00e7\u00f5es preliminares, um homem investigado em Barra Mansa mantinha esse tipo de material em seu computador. Ele foi conduzido \u00e0 delegacia da Pol\u00edcia Federal, no bairro Aterrado, em Volta Redonda, e posteriormente encaminhado ao pres\u00eddio, onde aguardar\u00e1 audi\u00eancia de cust\u00f3dia.<\/p>\n\n\n\n<p class=\"wp-block-paragraph\"><br>Em Resende, a ocorr\u00eancia envolvendo o outro alvo da opera\u00e7\u00e3o permanecia em andamento, sem informa\u00e7\u00f5es sobre o desfecho.<\/p>\n","protected":false},"excerpt":{"rendered":"<p>SACODE POL\u00cdCIA Com Tico Balan\u00e7o A Pol\u00edcia Federal deflagrou nesta quarta-feira (2) a 5\u00aa fase da Opera\u00e7\u00e3o Prote\u00e7\u00e3o Integral, voltada ao combate ao armazenamento e ao compartilhamento de material de abuso sexual de crian\u00e7as e adolescentes na internet. Durante a madrugada, agentes da Delegacia da PF de Volta Redonda cumpriram [&hellip;]<\/p>\n","protected":false},"author":1,"featured_media":24200,"comment_status":"open","ping_status":"closed","sticky":false,"template":"","format":"standard","meta":{"_seopress_titles_title":"","_seopress_titles_desc":"","_seopress_robots_index":"","_seopress_robots_follow":"","_seopress_robots_imageindex":"","_seopress_robots_snippet":"","_seopress_robots_primary_cat":"","_seopress_robots_breadcrumbs":"","_seopress_robots_freeze_modified_date":"","_seopress_robots_custom_modified_date":"","_seopress_robots_canonical":"","_seopress_social_fb_title":"","_seopress_social_fb_desc":"","_seopress_social_fb_img":"","_seopress_social_fb_img_attachment_id":0,"_seopress_social_fb_img_width":0,"_seopress_social_fb_img_height":0,"_seopress_social_twitter_title":"","_seopress_social_twitter_desc":"","_seopress_social_twitter_img":"","_seopress_social_twitter_img_attachment_id":0,"_seopress_social_twitter_img_width":0,"_seopress_social_twitter_img_height":0,"_seopress_redirections_value":"","_seopress_redirections_enabled":"","_seopress_redirections_enabled_regex":"","_seopress_redirections_logged_status":"","_seopress_redirections_param":"","_seopress_redirections_type":0,"_seopress_analysis_target_kw":"","footnotes":""},"categories":[35,32,38,90],"tags":[],"class_list":["post-30485","post","type-post","status-publish","format-standard","has-post-thumbnail","hentry","category-barra-mansa","category-destaque","category-resende","category-sacode-policia"],"_links":{"self":[{"href":"https:\/\/www.jornalponto.com\/site\/wp-json\/wp\/v2\/posts\/30485","targetHints":{"allow":["GET"]}}],"collection":[{"href":"https:\/\/www.jornalponto.com\/site\/wp-json\/wp\/v2\/posts"}],"about":[{"href":"https:\/\/www.jornalponto.com\/site\/wp-json\/wp\/v2\/types\/post"}],"author":[{"embeddable":true,"href":"https:\/\/www.jornalponto.com\/site\/wp-json\/wp\/v2\/users\/1"}],"replies":[{"embeddable":true,"href":"https:\/\/www.jornalponto.com\/site\/wp-json\/wp\/v2\/comments?post=30485"}],"version-history":[{"count":1,"href":"https:\/\/www.jornalponto.com\/site\/wp-json\/wp\/v2\/posts\/30485\/revisions"}],"predecessor-version":[{"id":30486,"href":"https:\/\/www.jornalponto.com\/site\/wp-json\/wp\/v2\/posts\/30485\/revisions\/30486"}],"wp:featuredmedia":[{"embeddable":true,"href":"https:\/\/www.jornalponto.com\/site\/wp-json\/wp\/v2\/media\/24200"}],"wp:attachment":[{"href":"https:\/\/www.jornalponto.com\/site\/wp-json\/wp\/v2\/media?parent=30485"}],"wp:term":[{"taxonomy":"category","embeddable":true,"href":"https:\/\/www.jornalponto.com\/site\/wp-json\/wp\/v2\/categories?post=30485"},{"taxonomy":"post_tag","embeddable":true,"href":"https:\/\/www.jornalponto.com\/site\/wp-json\/wp\/v2\/tags?post=30485"}],"curies":[{"name":"wp","href":"https:\/\/api.w.org\/{rel}","templated":true}]}}