{"id":30487,"date":"2026-09-02T15:02:36","date_gmt":"2026-09-02T18:02:36","guid":{"rendered":"https:\/\/www.jornalponto.com\/site\/?p=30487"},"modified":"2026-09-02T15:02:40","modified_gmt":"2026-09-02T18:02:40","slug":"condenado-por-trafico-e-preso-no-bairro-piteiras-em-barra-mansa","status":"publish","type":"post","link":"https:\/\/www.jornalponto.com\/site\/2026\/09\/02\/condenado-por-trafico-e-preso-no-bairro-piteiras-em-barra-mansa\/","title":{"rendered":"Condenado por tr\u00e1fico \u00e9 preso no bairro Piteiras, em Barra Mansa"},"content":{"rendered":"\n<figure class=\"wp-block-image size-full is-resized\"><img alt=\"\" fetchpriority=\"high\" decoding=\"async\" width=\"1280\" height=\"720\" src=\"https:\/\/www.jornalponto.com\/site\/wp-content\/uploads\/2026\/09\/frente-do-trafico-bm.jpg\" alt=\"\" class=\"wp-image-30488\" style=\"width:604px;height:auto\" srcset=\"https:\/\/www.jornalponto.com\/site\/wp-content\/uploads\/2026\/09\/frente-do-trafico-bm.jpg 1280w, https:\/\/www.jornalponto.com\/site\/wp-content\/uploads\/2026\/09\/frente-do-trafico-bm-300x169.jpg 300w, https:\/\/www.jornalponto.com\/site\/wp-content\/uploads\/2026\/09\/frente-do-trafico-bm-768x432.jpg 768w, https:\/\/www.jornalponto.com\/site\/wp-content\/uploads\/2026\/09\/frente-do-trafico-bm-1024x576.jpg 1024w\" sizes=\"(max-width: 1280px) 100vw, 1280px\" \/><\/figure>\n\n\n\n<p class=\"wp-block-paragraph\">SACODE POL\u00cdCIA Com Tico Balan\u00e7o<\/p>\n\n\n\n<p class=\"wp-block-paragraph\"><br>Detido \u00e9 apontado como \u2018\u2019frente\u2019\u2019 do tr\u00e1fico local<br>Felipe Jesus de Faria, de 32 anos, conhecido como \u201cGigante\u201d, foi preso por agentes da 90\u00aa DP na manh\u00e3 desta quarta-feira, por volta das 7h, em Barra Mansa. Condenado a seis anos e seis meses de pris\u00e3o por tr\u00e1fico de drogas, ele foi localizado na En\u00e9ias Paix\u00e3o, no bairro Piteiras.<\/p>\n\n\n\n<p class=\"wp-block-paragraph\"><a href=\"https:\/\/whatsapp.com\/channel\/0029Va9m4YZ9hXF07MKccN04\" target=\"_blank\" rel=\"noopener\"><strong>QUER RECEBER AS NOT\u00cdCIAS DA REGI\u00c3O EM TEMPO REAL? ACESSE NOSSO CANAL NO WHATSAPP CLICANDO AQUI<\/strong><\/a>\u00a0<br>A pris\u00e3o ocorreu durante a Opera\u00e7\u00e3o Captura, em a\u00e7\u00e3o coordenada pelo delegado Marcus Montez. No local, os policiais cumpriram um mandado de pris\u00e3o contra Felipe.<br>Segundo a Pol\u00edcia Civil, ele era apontado nas investiga\u00e7\u00f5es como gerente do tr\u00e1fico de drogas no bairro Piteiras e associado \u00e0 fac\u00e7\u00e3o Terceiro Comando Puro (TCP). Ainda de acordo com a corpora\u00e7\u00e3o, estava foragido desde 14 de abril de 2026, quando a condena\u00e7\u00e3o transitou em julgado, tornando a pena definitiva.<br>Ap\u00f3s a pris\u00e3o, Felipe foi levado \u00e0 90\u00aa DP para os procedimentos legais e ser\u00e1 encaminhado ao sistema prisional, onde permanecer\u00e1 \u00e0 disposi\u00e7\u00e3o da Justi\u00e7a.<\/p>\n","protected":false},"excerpt":{"rendered":"<p>SACODE POL\u00cdCIA Com Tico Balan\u00e7o Detido \u00e9 apontado como \u2018\u2019frente\u2019\u2019 do tr\u00e1fico localFelipe Jesus de Faria, de 32 anos, conhecido como \u201cGigante\u201d, foi preso por agentes da 90\u00aa DP na manh\u00e3 desta quarta-feira, por volta das 7h, em Barra Mansa. Condenado a seis anos e seis meses de pris\u00e3o por [&hellip;]<\/p>\n","protected":false},"author":1,"featured_media":30488,"comment_status":"open","ping_status":"closed","sticky":false,"template":"","format":"standard","meta":{"_seopress_titles_title":"","_seopress_titles_desc":"","_seopress_robots_index":"","_seopress_robots_follow":"","_seopress_robots_imageindex":"","_seopress_robots_snippet":"","_seopress_robots_primary_cat":"","_seopress_robots_breadcrumbs":"","_seopress_robots_freeze_modified_date":"","_seopress_robots_custom_modified_date":"","_seopress_robots_canonical":"","_seopress_social_fb_title":"","_seopress_social_fb_desc":"","_seopress_social_fb_img":"","_seopress_social_fb_img_attachment_id":0,"_seopress_social_fb_img_width":0,"_seopress_social_fb_img_height":0,"_seopress_social_twitter_title":"","_seopress_social_twitter_desc":"","_seopress_social_twitter_img":"","_seopress_social_twitter_img_attachment_id":0,"_seopress_social_twitter_img_width":0,"_seopress_social_twitter_img_height":0,"_seopress_redirections_value":"","_seopress_redirections_enabled":"","_seopress_redirections_enabled_regex":"","_seopress_redirections_logged_status":"","_seopress_redirections_param":"","_seopress_redirections_type":0,"_seopress_analysis_target_kw":"","footnotes":""},"categories":[35,90,72],"tags":[],"class_list":["post-30487","post","type-post","status-publish","format-standard","has-post-thumbnail","hentry","category-barra-mansa","category-sacode-policia","category-ultimas"],"_links":{"self":[{"href":"https:\/\/www.jornalponto.com\/site\/wp-json\/wp\/v2\/posts\/30487","targetHints":{"allow":["GET"]}}],"collection":[{"href":"https:\/\/www.jornalponto.com\/site\/wp-json\/wp\/v2\/posts"}],"about":[{"href":"https:\/\/www.jornalponto.com\/site\/wp-json\/wp\/v2\/types\/post"}],"author":[{"embeddable":true,"href":"https:\/\/www.jornalponto.com\/site\/wp-json\/wp\/v2\/users\/1"}],"replies":[{"embeddable":true,"href":"https:\/\/www.jornalponto.com\/site\/wp-json\/wp\/v2\/comments?post=30487"}],"version-history":[{"count":1,"href":"https:\/\/www.jornalponto.com\/site\/wp-json\/wp\/v2\/posts\/30487\/revisions"}],"predecessor-version":[{"id":30489,"href":"https:\/\/www.jornalponto.com\/site\/wp-json\/wp\/v2\/posts\/30487\/revisions\/30489"}],"wp:featuredmedia":[{"embeddable":true,"href":"https:\/\/www.jornalponto.com\/site\/wp-json\/wp\/v2\/media\/30488"}],"wp:attachment":[{"href":"https:\/\/www.jornalponto.com\/site\/wp-json\/wp\/v2\/media?parent=30487"}],"wp:term":[{"taxonomy":"category","embeddable":true,"href":"https:\/\/www.jornalponto.com\/site\/wp-json\/wp\/v2\/categories?post=30487"},{"taxonomy":"post_tag","embeddable":true,"href":"https:\/\/www.jornalponto.com\/site\/wp-json\/wp\/v2\/tags?post=30487"}],"curies":[{"name":"wp","href":"https:\/\/api.w.org\/{rel}","templated":true}]}}