{"id":30490,"date":"2026-09-02T15:29:59","date_gmt":"2026-09-02T18:29:59","guid":{"rendered":"https:\/\/www.jornalponto.com\/site\/?p=30490"},"modified":"2026-09-02T15:29:59","modified_gmt":"2026-09-02T18:29:59","slug":"homem-e-preso-em-barra-mansa-apos-descumprir-determinacoes-da-justica","status":"publish","type":"post","link":"https:\/\/www.jornalponto.com\/site\/2026\/09\/02\/homem-e-preso-em-barra-mansa-apos-descumprir-determinacoes-da-justica\/","title":{"rendered":"Homem \u00e9 preso em Barra Mansa ap\u00f3s descumprir determina\u00e7\u00f5es da Justi\u00e7a"},"content":{"rendered":"\n<figure class=\"wp-block-image size-full is-resized\"><img alt=\"\" fetchpriority=\"high\" decoding=\"async\" width=\"794\" height=\"496\" src=\"https:\/\/www.jornalponto.com\/site\/wp-content\/uploads\/2026\/09\/PRESO-FURTOS-BM.jpg\" alt=\"\" class=\"wp-image-30491\" style=\"width:511px;height:auto\" srcset=\"https:\/\/www.jornalponto.com\/site\/wp-content\/uploads\/2026\/09\/PRESO-FURTOS-BM.jpg 794w, https:\/\/www.jornalponto.com\/site\/wp-content\/uploads\/2026\/09\/PRESO-FURTOS-BM-300x187.jpg 300w, https:\/\/www.jornalponto.com\/site\/wp-content\/uploads\/2026\/09\/PRESO-FURTOS-BM-767x479.jpg 767w\" sizes=\"(max-width: 794px) 100vw, 794px\" \/><\/figure>\n\n\n\n<p class=\"wp-block-paragraph\">SACODE POL\u00cdCIA Com Tico Balan\u00e7o<\/p>\n\n\n\n<p class=\"wp-block-paragraph\">Colabora\u00e7\u00e3o: Ednaldo Evangelista<\/p>\n\n\n\n<p class=\"wp-block-paragraph\">Agentes da 90\u00aa Delegacia de Pol\u00edcia de Barra Mansa prenderam, na manh\u00e3 desta quarta-feira (2), um homem de 48 anos conhecido pelo apelido de \u201cTetinha\u201d. A pris\u00e3o aconteceu no bairro S\u00e3o Pedro, durante uma a\u00e7\u00e3o da <strong>Opera\u00e7\u00e3o Captura<\/strong>, que tem como objetivo localizar pessoas procuradas pela Justi\u00e7a.<\/p>\n\n\n\n<p class=\"wp-block-paragraph\"><a href=\"https:\/\/whatsapp.com\/channel\/0029Va9m4YZ9hXF07MKccN04\" target=\"_blank\" rel=\"noopener\"><strong>QUER RECEBER AS NOT\u00cdCIAS DA REGI\u00c3O EM TEMPO REAL? ACESSE NOSSO CANAL NO WHATSAPP CLICANDO AQUI<\/strong><\/a>\u00a0<\/p>\n\n\n\n<p class=\"wp-block-paragraph\">Segundo a Pol\u00edcia Civil, havia contra o homem um mandado de pris\u00e3o expedido pela Vara de Execu\u00e7\u00f5es Penais da Capital. A ordem judicial foi emitida ap\u00f3s o condenado deixar de cumprir determina\u00e7\u00f5es estabelecidas pela Justi\u00e7a, o que resultou na chamada regress\u00e3o cautelar da pena.<\/p>\n\n\n\n<p class=\"wp-block-paragraph\">De acordo com os registros policiais, o homem possui antecedentes relacionados a processos por crimes de furto.<\/p>\n\n\n\n<p class=\"wp-block-paragraph\">A localiza\u00e7\u00e3o do suspeito foi poss\u00edvel ap\u00f3s um trabalho de investiga\u00e7\u00e3o realizado pelos agentes da 90\u00aa DP, com apoio de informa\u00e7\u00f5es repassadas por policiais da 10\u00aa Delegacia de Pol\u00edcia, na capital fluminense.<\/p>\n\n\n\n<p class=\"wp-block-paragraph\">Ap\u00f3s ser encontrado, o homem foi levado para a sede da 90\u00aa DP, onde o cumprimento do mandado foi formalizado. Ele dever\u00e1 ser encaminhado ao sistema prisional e permanecer\u00e1 \u00e0 disposi\u00e7\u00e3o da Justi\u00e7a para cumprir as determina\u00e7\u00f5es referentes \u00e0 sua pena.<\/p>\n\n\n\n<p class=\"wp-block-paragraph\">A Pol\u00edcia Civil informou que a <strong>Opera\u00e7\u00e3o Captura<\/strong> continua realizando dilig\u00eancias para identificar e prender condenados e foragidos da Justi\u00e7a na regi\u00e3o.<\/p>\n","protected":false},"excerpt":{"rendered":"<p>SACODE POL\u00cdCIA Com Tico Balan\u00e7o Colabora\u00e7\u00e3o: Ednaldo Evangelista Agentes da 90\u00aa Delegacia de Pol\u00edcia de Barra Mansa prenderam, na manh\u00e3 desta quarta-feira (2), um homem de 48 anos conhecido pelo apelido de \u201cTetinha\u201d. A pris\u00e3o aconteceu no bairro S\u00e3o Pedro, durante uma a\u00e7\u00e3o da Opera\u00e7\u00e3o Captura, que tem como objetivo [&hellip;]<\/p>\n","protected":false},"author":1,"featured_media":30491,"comment_status":"open","ping_status":"closed","sticky":false,"template":"","format":"standard","meta":{"_seopress_titles_title":"","_seopress_titles_desc":"","_seopress_robots_index":"","_seopress_robots_follow":"","_seopress_robots_imageindex":"","_seopress_robots_snippet":"","_seopress_robots_primary_cat":"","_seopress_robots_breadcrumbs":"","_seopress_robots_freeze_modified_date":"","_seopress_robots_custom_modified_date":"","_seopress_robots_canonical":"","_seopress_social_fb_title":"","_seopress_social_fb_desc":"","_seopress_social_fb_img":"","_seopress_social_fb_img_attachment_id":0,"_seopress_social_fb_img_width":0,"_seopress_social_fb_img_height":0,"_seopress_social_twitter_title":"","_seopress_social_twitter_desc":"","_seopress_social_twitter_img":"","_seopress_social_twitter_img_attachment_id":0,"_seopress_social_twitter_img_width":0,"_seopress_social_twitter_img_height":0,"_seopress_redirections_value":"","_seopress_redirections_enabled":"","_seopress_redirections_enabled_regex":"","_seopress_redirections_logged_status":"","_seopress_redirections_param":"","_seopress_redirections_type":0,"_seopress_analysis_target_kw":"","footnotes":""},"categories":[35,90,72],"tags":[],"class_list":["post-30490","post","type-post","status-publish","format-standard","has-post-thumbnail","hentry","category-barra-mansa","category-sacode-policia","category-ultimas"],"_links":{"self":[{"href":"https:\/\/www.jornalponto.com\/site\/wp-json\/wp\/v2\/posts\/30490","targetHints":{"allow":["GET"]}}],"collection":[{"href":"https:\/\/www.jornalponto.com\/site\/wp-json\/wp\/v2\/posts"}],"about":[{"href":"https:\/\/www.jornalponto.com\/site\/wp-json\/wp\/v2\/types\/post"}],"author":[{"embeddable":true,"href":"https:\/\/www.jornalponto.com\/site\/wp-json\/wp\/v2\/users\/1"}],"replies":[{"embeddable":true,"href":"https:\/\/www.jornalponto.com\/site\/wp-json\/wp\/v2\/comments?post=30490"}],"version-history":[{"count":1,"href":"https:\/\/www.jornalponto.com\/site\/wp-json\/wp\/v2\/posts\/30490\/revisions"}],"predecessor-version":[{"id":30492,"href":"https:\/\/www.jornalponto.com\/site\/wp-json\/wp\/v2\/posts\/30490\/revisions\/30492"}],"wp:featuredmedia":[{"embeddable":true,"href":"https:\/\/www.jornalponto.com\/site\/wp-json\/wp\/v2\/media\/30491"}],"wp:attachment":[{"href":"https:\/\/www.jornalponto.com\/site\/wp-json\/wp\/v2\/media?parent=30490"}],"wp:term":[{"taxonomy":"category","embeddable":true,"href":"https:\/\/www.jornalponto.com\/site\/wp-json\/wp\/v2\/categories?post=30490"},{"taxonomy":"post_tag","embeddable":true,"href":"https:\/\/www.jornalponto.com\/site\/wp-json\/wp\/v2\/tags?post=30490"}],"curies":[{"name":"wp","href":"https:\/\/api.w.org\/{rel}","templated":true}]}}