{"id":30493,"date":"2026-09-02T16:24:51","date_gmt":"2026-09-02T19:24:51","guid":{"rendered":"https:\/\/www.jornalponto.com\/site\/?p=30493"},"modified":"2026-09-02T16:24:55","modified_gmt":"2026-09-02T19:24:55","slug":"familia-procura-jovem-de-22-anos-desaparecido-em-itatiaia","status":"publish","type":"post","link":"https:\/\/www.jornalponto.com\/site\/2026\/09\/02\/familia-procura-jovem-de-22-anos-desaparecido-em-itatiaia\/","title":{"rendered":"Fam\u00edlia procura jovem de 22 anos desaparecido em Itatiaia"},"content":{"rendered":"\n<figure class=\"wp-block-image size-large is-resized\"><img alt=\"\" fetchpriority=\"high\" decoding=\"async\" width=\"773\" height=\"1024\" src=\"https:\/\/www.jornalponto.com\/site\/wp-content\/uploads\/2026\/09\/jovem-desaparecido-ita-773x1024.jpg\" alt=\"\" class=\"wp-image-30494\" style=\"width:422px;height:auto\" srcset=\"https:\/\/www.jornalponto.com\/site\/wp-content\/uploads\/2026\/09\/jovem-desaparecido-ita-773x1024.jpg 773w, https:\/\/www.jornalponto.com\/site\/wp-content\/uploads\/2026\/09\/jovem-desaparecido-ita-227x300.jpg 227w, https:\/\/www.jornalponto.com\/site\/wp-content\/uploads\/2026\/09\/jovem-desaparecido-ita-767x1016.jpg 767w, https:\/\/www.jornalponto.com\/site\/wp-content\/uploads\/2026\/09\/jovem-desaparecido-ita.jpg 1000w\" sizes=\"(max-width: 773px) 100vw, 773px\" \/><\/figure>\n\n\n\n<p class=\"wp-block-paragraph\">Uma fam\u00edlia de Itatiaia, no Sul do Rio de Janeiro, busca informa\u00e7\u00f5es sobre o paradeiro de <strong>Carlos Henrique de Oliveira Silva Jesus<\/strong>, de 22 anos, que est\u00e1 desaparecido desde a manh\u00e3 da \u00faltima segunda-feira (31).<\/p>\n\n\n\n<p class=\"wp-block-paragraph\"><a href=\"https:\/\/whatsapp.com\/channel\/0029Va9m4YZ9hXF07MKccN04\" target=\"_blank\" rel=\"noopener\"><strong>QUER RECEBER AS NOT\u00cdCIAS DA REGI\u00c3O EM TEMPO REAL? ACESSE NOSSO CANAL NO WHATSAPP CLICANDO AQUI<\/strong><\/a>\u00a0<\/p>\n\n\n\n<p class=\"wp-block-paragraph\">Segundo o registro feito na delegacia do munic\u00edpio, Carlos saiu de casa, no bairro Vila Odete, por volta das 9h30 e n\u00e3o voltou desde ent\u00e3o. Desde o desaparecimento, familiares e amigos tentam localizar o jovem e pedem ajuda da popula\u00e7\u00e3o.<\/p>\n\n\n\n<p class=\"wp-block-paragraph\">No momento em que saiu de casa, Carlos usava um casaco de manga comprida e uma cal\u00e7a marrom. Ele tamb\u00e9m carregava uma mochila com estampa camuflada, semelhante ao padr\u00e3o militar.<\/p>\n\n\n\n<p class=\"wp-block-paragraph\">A fam\u00edlia informou \u00e0s autoridades que o jovem enfrenta um quadro de depress\u00e3o. As buscas seguem, e qualquer informa\u00e7\u00e3o que possa ajudar na localiza\u00e7\u00e3o dele deve ser comunicada imediatamente.<\/p>\n\n\n\n<p class=\"wp-block-paragraph\">Quem tiver informa\u00e7\u00f5es pode ligar para a <strong>Pol\u00edcia Militar, pelo telefone 190<\/strong>, ou procurar a <strong>Delegacia de Itatiaia<\/strong>. A fam\u00edlia tamb\u00e9m disponibilizou os telefones <strong>(24) 99954-6144<\/strong> e <strong>(24) 99845-7825<\/strong> para receber informa\u00e7\u00f5es sobre o paradeiro de Carlos Henrique.<\/p>\n","protected":false},"excerpt":{"rendered":"<p>Uma fam\u00edlia de Itatiaia, no Sul do Rio de Janeiro, busca informa\u00e7\u00f5es sobre o paradeiro de Carlos Henrique de Oliveira Silva Jesus, de 22 anos, que est\u00e1 desaparecido desde a manh\u00e3 da \u00faltima segunda-feira (31). QUER RECEBER AS NOT\u00cdCIAS DA REGI\u00c3O EM TEMPO REAL? ACESSE NOSSO CANAL NO WHATSAPP CLICANDO [&hellip;]<\/p>\n","protected":false},"author":1,"featured_media":30494,"comment_status":"open","ping_status":"closed","sticky":false,"template":"","format":"standard","meta":{"_seopress_titles_title":"","_seopress_titles_desc":"","_seopress_robots_index":"","_seopress_robots_follow":"","_seopress_robots_imageindex":"","_seopress_robots_snippet":"","_seopress_robots_primary_cat":"","_seopress_robots_breadcrumbs":"","_seopress_robots_freeze_modified_date":"","_seopress_robots_custom_modified_date":"","_seopress_robots_canonical":"","_seopress_social_fb_title":"","_seopress_social_fb_desc":"","_seopress_social_fb_img":"","_seopress_social_fb_img_attachment_id":0,"_seopress_social_fb_img_width":0,"_seopress_social_fb_img_height":0,"_seopress_social_twitter_title":"","_seopress_social_twitter_desc":"","_seopress_social_twitter_img":"","_seopress_social_twitter_img_attachment_id":0,"_seopress_social_twitter_img_width":0,"_seopress_social_twitter_img_height":0,"_seopress_redirections_value":"","_seopress_redirections_enabled":"","_seopress_redirections_enabled_regex":"","_seopress_redirections_logged_status":"","_seopress_redirections_param":"","_seopress_redirections_type":0,"_seopress_analysis_target_kw":"","footnotes":""},"categories":[69,32,43],"tags":[],"class_list":["post-30493","post","type-post","status-publish","format-standard","has-post-thumbnail","hentry","category-cidades","category-destaque","category-itatiaia"],"_links":{"self":[{"href":"https:\/\/www.jornalponto.com\/site\/wp-json\/wp\/v2\/posts\/30493","targetHints":{"allow":["GET"]}}],"collection":[{"href":"https:\/\/www.jornalponto.com\/site\/wp-json\/wp\/v2\/posts"}],"about":[{"href":"https:\/\/www.jornalponto.com\/site\/wp-json\/wp\/v2\/types\/post"}],"author":[{"embeddable":true,"href":"https:\/\/www.jornalponto.com\/site\/wp-json\/wp\/v2\/users\/1"}],"replies":[{"embeddable":true,"href":"https:\/\/www.jornalponto.com\/site\/wp-json\/wp\/v2\/comments?post=30493"}],"version-history":[{"count":1,"href":"https:\/\/www.jornalponto.com\/site\/wp-json\/wp\/v2\/posts\/30493\/revisions"}],"predecessor-version":[{"id":30495,"href":"https:\/\/www.jornalponto.com\/site\/wp-json\/wp\/v2\/posts\/30493\/revisions\/30495"}],"wp:featuredmedia":[{"embeddable":true,"href":"https:\/\/www.jornalponto.com\/site\/wp-json\/wp\/v2\/media\/30494"}],"wp:attachment":[{"href":"https:\/\/www.jornalponto.com\/site\/wp-json\/wp\/v2\/media?parent=30493"}],"wp:term":[{"taxonomy":"category","embeddable":true,"href":"https:\/\/www.jornalponto.com\/site\/wp-json\/wp\/v2\/categories?post=30493"},{"taxonomy":"post_tag","embeddable":true,"href":"https:\/\/www.jornalponto.com\/site\/wp-json\/wp\/v2\/tags?post=30493"}],"curies":[{"name":"wp","href":"https:\/\/api.w.org\/{rel}","templated":true}]}}