{"id":30496,"date":"2026-09-02T20:10:07","date_gmt":"2026-09-02T23:10:07","guid":{"rendered":"https:\/\/www.jornalponto.com\/site\/?p=30496"},"modified":"2026-09-02T20:10:54","modified_gmt":"2026-09-02T23:10:54","slug":"operacao-captura-prende-condenado-a-20-anos-por-trafico-de-drogas-em-rio-claro","status":"publish","type":"post","link":"https:\/\/www.jornalponto.com\/site\/2026\/09\/02\/operacao-captura-prende-condenado-a-20-anos-por-trafico-de-drogas-em-rio-claro\/","title":{"rendered":"&#8216;Opera\u00e7\u00e3o Captura&#8217; prende condenado a 20 anos por tr\u00e1fico de drogas em Rio Claro"},"content":{"rendered":"\n<figure class=\"wp-block-image size-full is-resized\"><img alt=\"\" fetchpriority=\"high\" decoding=\"async\" width=\"816\" height=\"461\" src=\"https:\/\/www.jornalponto.com\/site\/wp-content\/uploads\/2026\/09\/preso-rc-2.png\" alt=\"\" class=\"wp-image-30497\" style=\"width:516px;height:auto\" srcset=\"https:\/\/www.jornalponto.com\/site\/wp-content\/uploads\/2026\/09\/preso-rc-2.png 816w, https:\/\/www.jornalponto.com\/site\/wp-content\/uploads\/2026\/09\/preso-rc-2-766x433.png 766w, https:\/\/www.jornalponto.com\/site\/wp-content\/uploads\/2026\/09\/preso-rc-2-300x169.png 300w\" sizes=\"(max-width: 816px) 100vw, 816px\" \/><\/figure>\n\n\n\n<p class=\"wp-block-paragraph\">SACODE POL\u00cdCIA Com Tico Balan\u00e7o<\/p>\n\n\n\n<p class=\"wp-block-paragraph\">Colabora\u00e7\u00e3o: Ednaldo Evangelista<\/p>\n\n\n\n<p class=\"wp-block-paragraph\">Um homem de 29 anos, condenado a 20 anos de pris\u00e3o por tr\u00e1fico de drogas, foi preso na tarde desta quarta-feira (2) durante uma a\u00e7\u00e3o da <strong>Opera\u00e7\u00e3o Captura<\/strong>, realizada por agentes da 90\u00aa Delegacia de Pol\u00edcia de Barra Mansa, com apoio da 168\u00aa DP, de Rio Claro.<\/p>\n\n\n\n<p class=\"wp-block-paragraph\">O procurado, conhecido pelo apelido de \u201cHG\u201d, foi localizado por volta das 15h, no distrito de Pouso Seco, em Rio Claro, pr\u00f3ximo \u00e0 divisa com Barra Mansa. Contra ele havia um mandado de pris\u00e3o de recaptura em aberto.<\/p>\n\n\n\n<p class=\"wp-block-paragraph\"><a href=\"https:\/\/whatsapp.com\/channel\/0029Va9m4YZ9hXF07MKccN04\" target=\"_blank\" rel=\"noopener\"><strong>QUER RECEBER AS NOT\u00cdCIAS DA REGI\u00c3O EM TEMPO REAL? ACESSE NOSSO CANAL NO WHATSAPP CLICANDO AQUI<\/strong><\/a>\u00a0<\/p>\n\n\n\n<p class=\"wp-block-paragraph\">Segundo a Pol\u00edcia Civil, informa\u00e7\u00f5es compartilhadas entre as duas delegacias ajudaram os investigadores a descobrir que o homem estava escondido na regi\u00e3o. Ele teria deixado o sistema prisional anteriormente e seguido para o Complexo do Alem\u00e3o, na capital. Como n\u00e3o retornou \u00e0 unidade prisional na data determinada pela Justi\u00e7a, passou a ser considerado foragido.<\/p>\n\n\n\n<p class=\"wp-block-paragraph\">Ainda de acordo com a investiga\u00e7\u00e3o, \u201cHG\u201d teria chegado a Pouso Seco no in\u00edcio desta semana. A partir do trabalho de intelig\u00eancia, os policiais conseguiram identificar o local onde ele estaria e realizaram dilig\u00eancias para efetuar a pris\u00e3o.<\/p>\n\n\n\n<p class=\"wp-block-paragraph\">No momento da abordagem, o homem tentou fugir, mas foi alcan\u00e7ado e detido pelos agentes.<\/p>\n\n\n\n<p class=\"wp-block-paragraph\">Conforme os registros policiais, Hugo Victor Pires possui 14 anota\u00e7\u00f5es relacionadas a diferentes crimes, entre eles tr\u00e1fico de drogas, associa\u00e7\u00e3o para o tr\u00e1fico e porte ilegal de arma de fogo. Ele tamb\u00e9m \u00e9 apontado como integrante da fac\u00e7\u00e3o criminosa Comando Vermelho.<\/p>\n\n\n\n<p class=\"wp-block-paragraph\">Ap\u00f3s a pris\u00e3o, o condenado foi levado para a 90\u00aa DP, em Barra Mansa, onde o mandado foi formalmente cumprido. Em seguida, ele dever\u00e1 ser encaminhado novamente ao sistema prisional para dar continuidade ao cumprimento da pena.<\/p>\n\n\n\n<p class=\"wp-block-paragraph\">Segundo a Pol\u00edcia Civil, ainda restam aproximadamente <strong>14 anos de pris\u00e3o<\/strong> a serem cumpridos pelo condenado.<\/p>\n\n\n\n<p class=\"wp-block-paragraph\">A Opera\u00e7\u00e3o Captura continua sendo realizada com o objetivo de localizar e prender pessoas procuradas pela Justi\u00e7a.<\/p>\n\n\n\n<p class=\"wp-block-paragraph\"><strong>Disque-Den\u00fancia da 90\u00aa DP:<\/strong> (24) 99280-2952. O anonimato \u00e9 garantido.<\/p>\n","protected":false},"excerpt":{"rendered":"<p>SACODE POL\u00cdCIA Com Tico Balan\u00e7o Colabora\u00e7\u00e3o: Ednaldo Evangelista Um homem de 29 anos, condenado a 20 anos de pris\u00e3o por tr\u00e1fico de drogas, foi preso na tarde desta quarta-feira (2) durante uma a\u00e7\u00e3o da Opera\u00e7\u00e3o Captura, realizada por agentes da 90\u00aa Delegacia de Pol\u00edcia de Barra Mansa, com apoio da [&hellip;]<\/p>\n","protected":false},"author":1,"featured_media":30497,"comment_status":"open","ping_status":"closed","sticky":false,"template":"","format":"standard","meta":{"_seopress_titles_title":"","_seopress_titles_desc":"","_seopress_robots_index":"","_seopress_robots_follow":"","_seopress_robots_imageindex":"","_seopress_robots_snippet":"","_seopress_robots_primary_cat":"","_seopress_robots_breadcrumbs":"","_seopress_robots_freeze_modified_date":"","_seopress_robots_custom_modified_date":"","_seopress_robots_canonical":"","_seopress_social_fb_title":"","_seopress_social_fb_desc":"","_seopress_social_fb_img":"","_seopress_social_fb_img_attachment_id":0,"_seopress_social_fb_img_width":0,"_seopress_social_fb_img_height":0,"_seopress_social_twitter_title":"","_seopress_social_twitter_desc":"","_seopress_social_twitter_img":"","_seopress_social_twitter_img_attachment_id":0,"_seopress_social_twitter_img_width":0,"_seopress_social_twitter_img_height":0,"_seopress_redirections_value":"","_seopress_redirections_enabled":"","_seopress_redirections_enabled_regex":"","_seopress_redirections_logged_status":"","_seopress_redirections_param":"","_seopress_redirections_type":0,"_seopress_analysis_target_kw":"","footnotes":""},"categories":[35,42,90,72],"tags":[],"class_list":["post-30496","post","type-post","status-publish","format-standard","has-post-thumbnail","hentry","category-barra-mansa","category-rio-claro","category-sacode-policia","category-ultimas"],"_links":{"self":[{"href":"https:\/\/www.jornalponto.com\/site\/wp-json\/wp\/v2\/posts\/30496","targetHints":{"allow":["GET"]}}],"collection":[{"href":"https:\/\/www.jornalponto.com\/site\/wp-json\/wp\/v2\/posts"}],"about":[{"href":"https:\/\/www.jornalponto.com\/site\/wp-json\/wp\/v2\/types\/post"}],"author":[{"embeddable":true,"href":"https:\/\/www.jornalponto.com\/site\/wp-json\/wp\/v2\/users\/1"}],"replies":[{"embeddable":true,"href":"https:\/\/www.jornalponto.com\/site\/wp-json\/wp\/v2\/comments?post=30496"}],"version-history":[{"count":2,"href":"https:\/\/www.jornalponto.com\/site\/wp-json\/wp\/v2\/posts\/30496\/revisions"}],"predecessor-version":[{"id":30499,"href":"https:\/\/www.jornalponto.com\/site\/wp-json\/wp\/v2\/posts\/30496\/revisions\/30499"}],"wp:featuredmedia":[{"embeddable":true,"href":"https:\/\/www.jornalponto.com\/site\/wp-json\/wp\/v2\/media\/30497"}],"wp:attachment":[{"href":"https:\/\/www.jornalponto.com\/site\/wp-json\/wp\/v2\/media?parent=30496"}],"wp:term":[{"taxonomy":"category","embeddable":true,"href":"https:\/\/www.jornalponto.com\/site\/wp-json\/wp\/v2\/categories?post=30496"},{"taxonomy":"post_tag","embeddable":true,"href":"https:\/\/www.jornalponto.com\/site\/wp-json\/wp\/v2\/tags?post=30496"}],"curies":[{"name":"wp","href":"https:\/\/api.w.org\/{rel}","templated":true}]}}