{"id":30503,"date":"2026-09-02T22:02:20","date_gmt":"2026-09-03T01:02:20","guid":{"rendered":"https:\/\/www.jornalponto.com\/site\/?p=30503"},"modified":"2026-09-02T22:02:23","modified_gmt":"2026-09-03T01:02:23","slug":"suspeito-de-chefiar-organizacao-criminosa-e-preso-escondido-em-bunker-em-volta-redonda","status":"publish","type":"post","link":"https:\/\/www.jornalponto.com\/site\/2026\/09\/02\/suspeito-de-chefiar-organizacao-criminosa-e-preso-escondido-em-bunker-em-volta-redonda\/","title":{"rendered":"Suspeito de chefiar organiza\u00e7\u00e3o criminosa \u00e9 preso escondido em bunker em Volta Redonda"},"content":{"rendered":"\n<figure class=\"wp-block-image size-large is-resized\"><img alt=\"\" fetchpriority=\"high\" decoding=\"async\" width=\"767\" height=\"1024\" src=\"https:\/\/www.jornalponto.com\/site\/wp-content\/uploads\/2026\/09\/preso-bunker-767x1024.jpg\" alt=\"\" class=\"wp-image-30504\" style=\"width:343px;height:auto\" srcset=\"https:\/\/www.jornalponto.com\/site\/wp-content\/uploads\/2026\/09\/preso-bunker-767x1024.jpg 767w, https:\/\/www.jornalponto.com\/site\/wp-content\/uploads\/2026\/09\/preso-bunker-225x300.jpg 225w, https:\/\/www.jornalponto.com\/site\/wp-content\/uploads\/2026\/09\/preso-bunker-768x1025.jpg 768w, https:\/\/www.jornalponto.com\/site\/wp-content\/uploads\/2026\/09\/preso-bunker.jpg 1000w\" sizes=\"(max-width: 767px) 100vw, 767px\" \/><\/figure>\n\n\n\n<p class=\"wp-block-paragraph\">Um homem de 36 anos, apontado pela Pol\u00edcia Militar como integrante da lideran\u00e7a de uma organiza\u00e7\u00e3o criminosa, foi preso na tarde desta quarta-feira (2), em Volta Redonda. O suspeito foi encontrado escondido em um bunker constru\u00eddo dentro de um im\u00f3vel no bairro Vale Verde.<\/p>\n\n\n\n<p class=\"wp-block-paragraph\"><a href=\"https:\/\/whatsapp.com\/channel\/0029Va9m4YZ9hXF07MKccN04\" target=\"_blank\" rel=\"noopener\"><strong>QUER RECEBER AS NOT\u00cdCIAS DA REGI\u00c3O EM TEMPO REAL? ACESSE NOSSO CANAL NO WHATSAPP CLICANDO AQUI<\/strong><\/a>\u00a0<\/p>\n\n\n\n<p class=\"wp-block-paragraph\">Segundo a PM, o homem foi identificado como <strong>Jefferson Quintino<\/strong>, conhecido pelo apelido de \u201cZel\u00e3o\u201d. Ele \u00e9 investigado por supostamente comandar atividades relacionadas ao tr\u00e1fico de drogas na regi\u00e3o e tamb\u00e9m em cidades de Minas Gerais.<\/p>\n\n\n\n<p class=\"wp-block-paragraph\">Ainda conforme as informa\u00e7\u00f5es policiais, o suspeito estaria relacionado a um esquema de fraude eletr\u00f4nica utilizado para retirar ou apagar registros de mandados de pris\u00e3o dos sistemas oficiais da Justi\u00e7a. O caso ganhou repercuss\u00e3o nacional ap\u00f3s ser abordado em reportagem exibida pelo <em>Fant\u00e1stico<\/em>, da TV Globo.<\/p>\n\n\n\n<p class=\"wp-block-paragraph\">Apesar de existir um mandado de pris\u00e3o preventiva expedido pela Justi\u00e7a de Minas Gerais desde julho de 2025, a ordem teria sido retirada de plataformas digitais oficiais ap\u00f3s uma invas\u00e3o aos sistemas do Judici\u00e1rio. As investiga\u00e7\u00f5es apontam para o uso indevido de credenciais de servidores p\u00fablicos na adultera\u00e7\u00e3o dos registros.<\/p>\n\n\n\n<p class=\"wp-block-paragraph\">De acordo com a Pol\u00edcia Militar, equipes de intelig\u00eancia conseguiram confirmar a exist\u00eancia da ordem de pris\u00e3o e localizar o paradeiro do investigado, mesmo diante da altera\u00e7\u00e3o dos bancos de dados nacionais.<\/p>\n\n\n\n<p class=\"wp-block-paragraph\">Durante as buscas no im\u00f3vel, os policiais perceberam sinais de uma poss\u00edvel estrutura escondida. A entrada do bunker teria sido descoberta depois que os agentes observaram marcas recentes de rejunte e poeira em uma parede de um dos c\u00f4modos.<\/p>\n\n\n\n<p class=\"wp-block-paragraph\">O suspeito foi localizado no compartimento e detido. Em seguida, ele foi encaminhado \u00e0 delegacia de Volta Redonda, onde o cumprimento do mandado de pris\u00e3o preventiva foi formalizado.<\/p>\n\n\n\n<p class=\"wp-block-paragraph\">O caso continua sendo investigado pelas autoridades, que buscam identificar outros poss\u00edveis envolvidos no esquema de fraude nos sistemas judiciais e esclarecer a extens\u00e3o da rede criminosa.<\/p>\n","protected":false},"excerpt":{"rendered":"<p>Um homem de 36 anos, apontado pela Pol\u00edcia Militar como integrante da lideran\u00e7a de uma organiza\u00e7\u00e3o criminosa, foi preso na tarde desta quarta-feira (2), em Volta Redonda. O suspeito foi encontrado escondido em um bunker constru\u00eddo dentro de um im\u00f3vel no bairro Vale Verde. QUER RECEBER AS NOT\u00cdCIAS DA REGI\u00c3O [&hellip;]<\/p>\n","protected":false},"author":1,"featured_media":30504,"comment_status":"open","ping_status":"closed","sticky":false,"template":"","format":"standard","meta":{"_seopress_titles_title":"","_seopress_titles_desc":"","_seopress_robots_index":"","_seopress_robots_follow":"","_seopress_robots_imageindex":"","_seopress_robots_snippet":"","_seopress_robots_primary_cat":"","_seopress_robots_breadcrumbs":"","_seopress_robots_freeze_modified_date":"","_seopress_robots_custom_modified_date":"","_seopress_robots_canonical":"","_seopress_social_fb_title":"","_seopress_social_fb_desc":"","_seopress_social_fb_img":"","_seopress_social_fb_img_attachment_id":0,"_seopress_social_fb_img_width":0,"_seopress_social_fb_img_height":0,"_seopress_social_twitter_title":"","_seopress_social_twitter_desc":"","_seopress_social_twitter_img":"","_seopress_social_twitter_img_attachment_id":0,"_seopress_social_twitter_img_width":0,"_seopress_social_twitter_img_height":0,"_seopress_redirections_value":"","_seopress_redirections_enabled":"","_seopress_redirections_enabled_regex":"","_seopress_redirections_logged_status":"","_seopress_redirections_param":"","_seopress_redirections_type":0,"_seopress_analysis_target_kw":"","footnotes":""},"categories":[32,90,34],"tags":[],"class_list":["post-30503","post","type-post","status-publish","format-standard","has-post-thumbnail","hentry","category-destaque","category-sacode-policia","category-volta-redonda"],"_links":{"self":[{"href":"https:\/\/www.jornalponto.com\/site\/wp-json\/wp\/v2\/posts\/30503","targetHints":{"allow":["GET"]}}],"collection":[{"href":"https:\/\/www.jornalponto.com\/site\/wp-json\/wp\/v2\/posts"}],"about":[{"href":"https:\/\/www.jornalponto.com\/site\/wp-json\/wp\/v2\/types\/post"}],"author":[{"embeddable":true,"href":"https:\/\/www.jornalponto.com\/site\/wp-json\/wp\/v2\/users\/1"}],"replies":[{"embeddable":true,"href":"https:\/\/www.jornalponto.com\/site\/wp-json\/wp\/v2\/comments?post=30503"}],"version-history":[{"count":1,"href":"https:\/\/www.jornalponto.com\/site\/wp-json\/wp\/v2\/posts\/30503\/revisions"}],"predecessor-version":[{"id":30505,"href":"https:\/\/www.jornalponto.com\/site\/wp-json\/wp\/v2\/posts\/30503\/revisions\/30505"}],"wp:featuredmedia":[{"embeddable":true,"href":"https:\/\/www.jornalponto.com\/site\/wp-json\/wp\/v2\/media\/30504"}],"wp:attachment":[{"href":"https:\/\/www.jornalponto.com\/site\/wp-json\/wp\/v2\/media?parent=30503"}],"wp:term":[{"taxonomy":"category","embeddable":true,"href":"https:\/\/www.jornalponto.com\/site\/wp-json\/wp\/v2\/categories?post=30503"},{"taxonomy":"post_tag","embeddable":true,"href":"https:\/\/www.jornalponto.com\/site\/wp-json\/wp\/v2\/tags?post=30503"}],"curies":[{"name":"wp","href":"https:\/\/api.w.org\/{rel}","templated":true}]}}