{"id":3383,"date":"2022-11-16T18:17:54","date_gmt":"2022-11-16T21:17:54","guid":{"rendered":"https:\/\/www.jornalponto.com\/?p=3383"},"modified":"2022-11-16T18:17:57","modified_gmt":"2022-11-16T21:17:57","slug":"feira-afro-vai-acontecer-neste-sabado-em-barra-mansa","status":"publish","type":"post","link":"https:\/\/www.jornalponto.com\/site\/2022\/11\/16\/feira-afro-vai-acontecer-neste-sabado-em-barra-mansa\/","title":{"rendered":"<strong>Feira Afro vai acontecer neste s\u00e1bado em Barra Mansa<\/strong>"},"content":{"rendered":"\n<figure class=\"wp-block-image size-full is-resized is-style-default\"><img alt=\"\" fetchpriority=\"high\" decoding=\"async\" src=\"https:\/\/www.jornalponto.com\/wp-content\/uploads\/2022\/11\/feira-afro.jpg\" alt=\"\" class=\"wp-image-3384\" width=\"522\" height=\"343\" srcset=\"https:\/\/www.jornalponto.com\/site\/wp-content\/uploads\/2022\/11\/feira-afro.jpg 928w, https:\/\/www.jornalponto.com\/site\/wp-content\/uploads\/2022\/11\/feira-afro-300x198.jpg 300w, https:\/\/www.jornalponto.com\/site\/wp-content\/uploads\/2022\/11\/feira-afro-768x506.jpg 768w\" sizes=\"(max-width: 522px) 100vw, 522px\" \/><\/figure>\n\n\n\n<p class=\"wp-block-paragraph\">Como parte das comemora\u00e7\u00f5es do M\u00eas da Consci\u00eancia Negra, a Feira Afro vai animar o Corredor Cultural neste s\u00e1bado, 19. O evento \u00e9 promovido pela Organiza\u00e7\u00e3o e Integra\u00e7\u00e3o de Conscientiza\u00e7\u00e3o Negra (OICN) e conta com apoio da Prefeitura de Barra Mansa, por meio da Funda\u00e7\u00e3o Cultura e do Conselho Municipal de Pol\u00edticas de Promo\u00e7\u00e3o de Igualdade Racial (COMUPPIR).<br>A programa\u00e7\u00e3o vai incluir muita m\u00fasica, apresenta\u00e7\u00f5es de dan\u00e7a e capoeira, grafite e feijoada. Para a crian\u00e7ada haver\u00e1 conta\u00e7\u00e3o de hist\u00f3ria, pintura, pipoca, refrigerante e pula-pula. O grupo Ziriguidum e a confec\u00e7\u00e3o Negrita Modas v\u00e3o marcar presen\u00e7a.<br>De acordo com a presidente da OICN, Silvana Maria Almeida de Carvalho, a Feira Afro tem sido realizada em Barra Mansa desde 2014 gra\u00e7as \u00e0 organiza\u00e7\u00e3o de um grupo de mulheres. A primeira edi\u00e7\u00e3o permitiu que elas gerassem recursos para poder participar da Marcha das Mulheres Negras Contra o Racismo, a Viol\u00eancia e pelo Bem Viver, realizada em Bras\u00edlia em 2015.<br>\u201cN\u00f3s conseguimos inserir a feira no calend\u00e1rio cultural do munic\u00edpio. A OICN tem cadeira no COMUPPIR e no Conselho de Cultura e isso permite que fa\u00e7amos um trabalho significativo voltado para pol\u00edtica de igualdade racial\u201d, informou Silvana.<br>O presidente da Funda\u00e7\u00e3o Cultura, Marcelo Bravo, destacou a import\u00e2ncia do apoio \u00e0 realiza\u00e7\u00e3o da Feira Afro em Barra Mansa. \u201c\u00c9 parte do nosso calend\u00e1rio cultural e o impacto desse evento \u00e9 muito grande, para al\u00e9m do evento em si. Envolve a dimens\u00e3o simb\u00f3lica da cultura com muita for\u00e7a\u201d.<\/p>\n\n\n\n<p class=\"wp-block-paragraph\">SERVI\u00c7O<br><strong>Feira Afro<br><\/strong>Data: 19 de novembro (s\u00e1bado)<br>Hora: 11h \u00e0s 21h<br>Local: Corredor Cultural, em frente ao Pal\u00e1cio Bar\u00e3o de Guapy, na Rua Cust\u00f3dio Ferreira Leite, Centro, Barra Mansa<\/p>\n","protected":false},"excerpt":{"rendered":"<p>Como parte das comemora\u00e7\u00f5es do M\u00eas da Consci\u00eancia Negra, a Feira Afro vai animar o Corredor Cultural neste s\u00e1bado, 19. O evento \u00e9 promovido pela Organiza\u00e7\u00e3o e Integra\u00e7\u00e3o de Conscientiza\u00e7\u00e3o Negra (OICN) e conta com apoio da Prefeitura de Barra Mansa, por meio da Funda\u00e7\u00e3o Cultura e do Conselho Municipal [&hellip;]<\/p>\n","protected":false},"author":1,"featured_media":3384,"comment_status":"open","ping_status":"closed","sticky":false,"template":"","format":"standard","meta":{"_seopress_titles_title":"","_seopress_titles_desc":"","_seopress_robots_index":"","_seopress_robots_follow":"","_seopress_robots_imageindex":"","_seopress_robots_snippet":"","_seopress_robots_primary_cat":"","_seopress_robots_breadcrumbs":"","_seopress_robots_freeze_modified_date":"","_seopress_robots_custom_modified_date":"","_seopress_robots_canonical":"","_seopress_social_fb_title":"","_seopress_social_fb_desc":"","_seopress_social_fb_img":"","_seopress_social_fb_img_attachment_id":0,"_seopress_social_fb_img_width":0,"_seopress_social_fb_img_height":0,"_seopress_social_twitter_title":"","_seopress_social_twitter_desc":"","_seopress_social_twitter_img":"","_seopress_social_twitter_img_attachment_id":0,"_seopress_social_twitter_img_width":0,"_seopress_social_twitter_img_height":0,"_seopress_redirections_value":"","_seopress_redirections_enabled":"","_seopress_redirections_enabled_regex":"","_seopress_redirections_logged_status":"","_seopress_redirections_param":"","_seopress_redirections_type":0,"_seopress_analysis_target_kw":"","footnotes":""},"categories":[35,69,74,72],"tags":[],"class_list":["post-3383","post","type-post","status-publish","format-standard","has-post-thumbnail","hentry","category-barra-mansa","category-cidades","category-inclusao","category-ultimas"],"_links":{"self":[{"href":"https:\/\/www.jornalponto.com\/site\/wp-json\/wp\/v2\/posts\/3383","targetHints":{"allow":["GET"]}}],"collection":[{"href":"https:\/\/www.jornalponto.com\/site\/wp-json\/wp\/v2\/posts"}],"about":[{"href":"https:\/\/www.jornalponto.com\/site\/wp-json\/wp\/v2\/types\/post"}],"author":[{"embeddable":true,"href":"https:\/\/www.jornalponto.com\/site\/wp-json\/wp\/v2\/users\/1"}],"replies":[{"embeddable":true,"href":"https:\/\/www.jornalponto.com\/site\/wp-json\/wp\/v2\/comments?post=3383"}],"version-history":[{"count":1,"href":"https:\/\/www.jornalponto.com\/site\/wp-json\/wp\/v2\/posts\/3383\/revisions"}],"predecessor-version":[{"id":3385,"href":"https:\/\/www.jornalponto.com\/site\/wp-json\/wp\/v2\/posts\/3383\/revisions\/3385"}],"wp:featuredmedia":[{"embeddable":true,"href":"https:\/\/www.jornalponto.com\/site\/wp-json\/wp\/v2\/media\/3384"}],"wp:attachment":[{"href":"https:\/\/www.jornalponto.com\/site\/wp-json\/wp\/v2\/media?parent=3383"}],"wp:term":[{"taxonomy":"category","embeddable":true,"href":"https:\/\/www.jornalponto.com\/site\/wp-json\/wp\/v2\/categories?post=3383"},{"taxonomy":"post_tag","embeddable":true,"href":"https:\/\/www.jornalponto.com\/site\/wp-json\/wp\/v2\/tags?post=3383"}],"curies":[{"name":"wp","href":"https:\/\/api.w.org\/{rel}","templated":true}]}}