{"id":34746,"date":"2026-09-06T17:07:55","date_gmt":"2026-09-06T20:07:55","guid":{"rendered":"https:\/\/www.jornalponto.com\/site\/?p=34746"},"modified":"2026-09-06T17:10:51","modified_gmt":"2026-09-06T20:10:51","slug":"carreta-bate-em-outro-veiculo-apos-suposta-falha-nos-freios-em-volta-redonda","status":"publish","type":"post","link":"https:\/\/www.jornalponto.com\/site\/2026\/09\/06\/carreta-bate-em-outro-veiculo-apos-suposta-falha-nos-freios-em-volta-redonda\/","title":{"rendered":"Carreta bate em outro ve\u00edculo ap\u00f3s suposta falha nos freios em Volta Redonda"},"content":{"rendered":"\n<figure class=\"wp-block-image size-large is-resized\"><img alt=\"\" fetchpriority=\"high\" decoding=\"async\" width=\"666\" height=\"1024\" src=\"https:\/\/www.jornalponto.com\/site\/wp-content\/uploads\/2026\/09\/acidente-carreta-vr-666x1024.avif\" alt=\"\" class=\"wp-image-34747\" style=\"width:306px;height:auto\" srcset=\"https:\/\/www.jornalponto.com\/site\/wp-content\/uploads\/2026\/09\/acidente-carreta-vr-666x1024.avif 666w, https:\/\/www.jornalponto.com\/site\/wp-content\/uploads\/2026\/09\/acidente-carreta-vr-195x300.avif 195w, https:\/\/www.jornalponto.com\/site\/wp-content\/uploads\/2026\/09\/acidente-carreta-vr-768x1181.avif 768w, https:\/\/www.jornalponto.com\/site\/wp-content\/uploads\/2026\/09\/acidente-carreta-vr-999x1536.avif 999w, https:\/\/www.jornalponto.com\/site\/wp-content\/uploads\/2026\/09\/acidente-carreta-vr.avif 1000w\" sizes=\"(max-width: 666px) 100vw, 666px\" \/><\/figure>\n\n\n\n<p class=\"wp-block-paragraph\">Um acidente envolvendo duas carretas foi registrado na manh\u00e3 deste domingo (6), na BR-393, na altura do bairro Vila Santa Cec\u00edlia, em Volta Redonda.<\/p>\n\n\n\n<p class=\"wp-block-paragraph\">Segundo as informa\u00e7\u00f5es iniciais da Guarda Municipal, o motorista de uma das carretas relatou que o ve\u00edculo teria apresentado uma falha no sistema de freios e acabou atingindo outra carreta que seguia pelo trecho.<\/p>\n\n\n\n<p class=\"wp-block-paragraph\"><a href=\"https:\/\/whatsapp.com\/channel\/0029Va9m4YZ9hXF07MKccN04\" target=\"_blank\" rel=\"noopener\"><strong>QUER RECEBER AS NOT\u00cdCIAS DA REGI\u00c3O EM TEMPO REAL? ACESSE NOSSO CANAL NO WHATSAPP CLICANDO AQUI<\/strong><\/a>\u00a0<\/p>\n\n\n\n<p class=\"wp-block-paragraph\">Ainda de acordo com o relato, o segundo ve\u00edculo n\u00e3o sofreu danos e, por isso, n\u00e3o permaneceu no local. A carreta envolvida na colis\u00e3o continuou parada na rodovia devido a uma falha mec\u00e2nica no motor.<\/p>\n\n\n\n<p class=\"wp-block-paragraph\">Imagens enviadas por leitores mostram o ve\u00edculo parado no trecho ap\u00f3s o acidente. A situa\u00e7\u00e3o pode provocar lentid\u00e3o e congestionamentos para os motoristas que trafegam pela regi\u00e3o.<\/p>\n\n\n\n<p class=\"wp-block-paragraph\">At\u00e9 a publica\u00e7\u00e3o desta reportagem, a carreta permanecia no local.<\/p>\n","protected":false},"excerpt":{"rendered":"<p>Um acidente envolvendo duas carretas foi registrado na manh\u00e3 deste domingo (6), na BR-393, na altura do bairro Vila Santa Cec\u00edlia, em Volta Redonda. Segundo as informa\u00e7\u00f5es iniciais da Guarda Municipal, o motorista de uma das carretas relatou que o ve\u00edculo teria apresentado uma falha no sistema de freios e [&hellip;]<\/p>\n","protected":false},"author":1,"featured_media":34747,"comment_status":"open","ping_status":"closed","sticky":false,"template":"","format":"standard","meta":{"_seopress_titles_title":"","_seopress_titles_desc":"","_seopress_robots_index":"","_seopress_robots_follow":"","_seopress_robots_imageindex":"","_seopress_robots_snippet":"","_seopress_robots_primary_cat":"","_seopress_robots_breadcrumbs":"","_seopress_robots_freeze_modified_date":"","_seopress_robots_custom_modified_date":"","_seopress_robots_canonical":"","_seopress_social_fb_title":"","_seopress_social_fb_desc":"","_seopress_social_fb_img":"","_seopress_social_fb_img_attachment_id":0,"_seopress_social_fb_img_width":0,"_seopress_social_fb_img_height":0,"_seopress_social_twitter_title":"","_seopress_social_twitter_desc":"","_seopress_social_twitter_img":"","_seopress_social_twitter_img_attachment_id":0,"_seopress_social_twitter_img_width":0,"_seopress_social_twitter_img_height":0,"_seopress_redirections_value":"","_seopress_redirections_enabled":"","_seopress_redirections_enabled_regex":"","_seopress_redirections_logged_status":"","_seopress_redirections_param":"","_seopress_redirections_type":0,"_seopress_analysis_target_kw":"","footnotes":""},"categories":[69,72,34],"tags":[],"class_list":["post-34746","post","type-post","status-publish","format-standard","has-post-thumbnail","hentry","category-cidades","category-ultimas","category-volta-redonda"],"_links":{"self":[{"href":"https:\/\/www.jornalponto.com\/site\/wp-json\/wp\/v2\/posts\/34746","targetHints":{"allow":["GET"]}}],"collection":[{"href":"https:\/\/www.jornalponto.com\/site\/wp-json\/wp\/v2\/posts"}],"about":[{"href":"https:\/\/www.jornalponto.com\/site\/wp-json\/wp\/v2\/types\/post"}],"author":[{"embeddable":true,"href":"https:\/\/www.jornalponto.com\/site\/wp-json\/wp\/v2\/users\/1"}],"replies":[{"embeddable":true,"href":"https:\/\/www.jornalponto.com\/site\/wp-json\/wp\/v2\/comments?post=34746"}],"version-history":[{"count":1,"href":"https:\/\/www.jornalponto.com\/site\/wp-json\/wp\/v2\/posts\/34746\/revisions"}],"predecessor-version":[{"id":36974,"href":"https:\/\/www.jornalponto.com\/site\/wp-json\/wp\/v2\/posts\/34746\/revisions\/36974"}],"wp:featuredmedia":[{"embeddable":true,"href":"https:\/\/www.jornalponto.com\/site\/wp-json\/wp\/v2\/media\/34747"}],"wp:attachment":[{"href":"https:\/\/www.jornalponto.com\/site\/wp-json\/wp\/v2\/media?parent=34746"}],"wp:term":[{"taxonomy":"category","embeddable":true,"href":"https:\/\/www.jornalponto.com\/site\/wp-json\/wp\/v2\/categories?post=34746"},{"taxonomy":"post_tag","embeddable":true,"href":"https:\/\/www.jornalponto.com\/site\/wp-json\/wp\/v2\/tags?post=34746"}],"curies":[{"name":"wp","href":"https:\/\/api.w.org\/{rel}","templated":true}]}}