{"id":545,"date":"2022-05-19T13:05:00","date_gmt":"2022-05-19T16:05:00","guid":{"rendered":"https:\/\/www.jornalponto.com\/?p=545"},"modified":"2022-05-19T14:31:18","modified_gmt":"2022-05-19T17:31:18","slug":"barra-mansa-reforca-aplicacao-da-quarta-dose-contra-covid-19","status":"publish","type":"post","link":"https:\/\/www.jornalponto.com\/site\/2022\/05\/19\/barra-mansa-reforca-aplicacao-da-quarta-dose-contra-covid-19\/","title":{"rendered":"Barra Mansa refor\u00e7a aplica\u00e7\u00e3o da quarta dose contra Covid-19"},"content":{"rendered":"\n<figure class=\"wp-block-image size-large is-resized is-style-default\"><img alt=\"\" fetchpriority=\"high\" decoding=\"async\" src=\"https:\/\/www.jornalponto.com\/wp-content\/uploads\/2022\/05\/vacina-vr-1024x682.jpg\" alt=\"\" class=\"wp-image-546\" width=\"528\" height=\"351\" srcset=\"https:\/\/www.jornalponto.com\/site\/wp-content\/uploads\/2022\/05\/vacina-vr-1024x682.jpg 1024w, https:\/\/www.jornalponto.com\/site\/wp-content\/uploads\/2022\/05\/vacina-vr-300x200.jpg 300w, https:\/\/www.jornalponto.com\/site\/wp-content\/uploads\/2022\/05\/vacina-vr-768x512.jpg 768w, https:\/\/www.jornalponto.com\/site\/wp-content\/uploads\/2022\/05\/vacina-vr.jpg 1280w\" sizes=\"(max-width: 528px) 100vw, 528px\" \/><\/figure>\n\n\n\n<p class=\"wp-block-paragraph\"><br>A Secretaria de Sa\u00fade de Barra Mansa segue com as vacina\u00e7\u00f5es contra Covid-19, Influenza e sarampo nesta sexta-feira, dia 20. A novidade \u00e9 que foi liberada a quarta dose contra o coronav\u00edrus para pessoas com 60 anos de idade ou mais. As doses pedi\u00e1tricas, destinadas a crian\u00e7as de cinco a 11 anos de idade ou imunossuprimidas, continuam sendo aplicadas nos seguintes postos de sa\u00fade: UBS Centro, Para\u00edso de Cima, Cl\u00ednica da Fam\u00edlia, Coringa I, S\u00e3o Francisco, UBS Col\u00f4nia e Pr\u00f3 Sa\u00fade. As unidades citadas est\u00e3o dispon\u00edveis para imuniza\u00e7\u00e3o \u00e0s segundas, quartas e quintas-feiras.<\/p>\n\n\n\n<p class=\"wp-block-paragraph\">J\u00e1 para as crian\u00e7as a partir de seis anos, os respons\u00e1veis devem procurar as seguintes unidades: S\u00e3o Luiz, Rosel\u00e2ndia, Santa L\u00facia (ter\u00e7as e sextas), Vila Maria (ter\u00e7as e quintas), Para\u00edso de Cima (quartas e quintas), Vila Elmira, Vale do Para\u00edba (quinta-feira), Siderl\u00e2ndia (segundas, quartas e sextas), Vila Independ\u00eancia, (quarta-feira), Cl\u00ednica da Fam\u00edlia (Vista Alegre), UBS Centro, Coringa I, UBS Col\u00f4nia (segundas e quartas), S\u00e3o Francisco, Vila Principal (sexta-feira), Santa Rita de C\u00e1ssia (quinta-feira), Floriano (ter\u00e7a-feira), Rialto (ter\u00e7a-feira), Amparo (quarta-feira dose pedi\u00e1trica, quinta-feira adultos) e Pr\u00f3 Sa\u00fade (segundas, quartas e quintas-feiras).<\/p>\n\n\n\n<p class=\"wp-block-paragraph\"><strong>Jovens e Adultos<\/strong><br>A imuniza\u00e7\u00e3o prossegue para os jovens e adultos, que devem seguir o cronograma abaixo:<br>\u2013 D1 em pessoas a partir de 12 anos de idade;<br>\u2013 D2 agendadas (CoronaVac centralizada no Pr\u00f3 Sa\u00fade \u00e0s segundas, quartas e quintas-feiras e Janssen no PSF do Ano Bom); AstraZeneca e Pfizer em todos os postos;<br>\u2013 D3 para maiores de 18 anos que tomaram a D2 at\u00e9 o dia 20\/01\/22;<br>\u2013 D4 para imunossuprimidos com laudo m\u00e9dico maiores de 18 anos que tenham tomado a D3 at\u00e9 o dia 20\/01\/22 e idosos a partir de 60 anos que tenham tomado D3 at\u00e9 20\/01\/22.<\/p>\n\n\n\n<p class=\"wp-block-paragraph\">Para ser vacinado \u00e9 necess\u00e1ria a apresenta\u00e7\u00e3o do cart\u00e3o de vacina, RG e CPF, comprovante de resid\u00eancia atualizado ou a declara\u00e7\u00e3o do posto de sa\u00fade. J\u00e1 para receber a D4 \u00e9 imprescind\u00edvel tamb\u00e9m a apresenta\u00e7\u00e3o do comprovante das outras doses. As a\u00e7\u00f5es acontecer\u00e3o das 9h \u00e0s 16h nos postos de sa\u00fade dos bairros e das 9h \u00e0s 20h na Unidade de Sa\u00fade do Ano Bom.<\/p>\n\n\n\n<p class=\"wp-block-paragraph\"><strong>INFLUENZA E SARAMPO<\/strong><br>As doses contra Influenza s\u00e3o destinadas a crian\u00e7as de seis meses a quatro anos, idosos acima de 60 anos, gestantes, pu\u00e9rperas e os grupos priorit\u00e1rios de 40 a 49 anos de idade, que s\u00e3o as pessoas com comorbidade, caminhoneiros, trabalhadores portu\u00e1rios, professores de escolas p\u00fablicas e privadas, pessoas com defici\u00eancia permanente, trabalhadores de transporte coletivo rodovi\u00e1rio, For\u00e7as de Seguran\u00e7a e Salvamento, For\u00e7as Armadas, popula\u00e7\u00e3o privada de liberdade e adolescentes e jovens em medidas socioeducativas.<br>As doses contra sarampo ser\u00e3o aplicadas em trabalhadores da Sa\u00fade (em seus locais de trabalho) que n\u00e3o tenham recebido a vacina da Tr\u00edplice Viral como atualiza\u00e7\u00e3o de caderneta. Al\u00e9m de crian\u00e7as de seis meses a quatro anos de idade de forma indiscriminada.<br>As imuniza\u00e7\u00f5es contra Influenza e sarampo acontecem em todas as Unidades B\u00e1sicas de Sa\u00fade do munic\u00edpio.<\/p>\n","protected":false},"excerpt":{"rendered":"<p>Secretaria de Sa\u00fade tamb\u00e9m segue com imuniza\u00e7\u00e3o contra Influenza e sarampo nesta sexta-feira<\/p>\n","protected":false},"author":1,"featured_media":546,"comment_status":"open","ping_status":"closed","sticky":false,"template":"","format":"standard","meta":{"_seopress_titles_title":"","_seopress_titles_desc":"","_seopress_robots_index":"","_seopress_robots_follow":"","_seopress_robots_imageindex":"","_seopress_robots_snippet":"","_seopress_robots_primary_cat":"","_seopress_robots_breadcrumbs":"","_seopress_robots_freeze_modified_date":"","_seopress_robots_custom_modified_date":"","_seopress_robots_canonical":"","_seopress_social_fb_title":"","_seopress_social_fb_desc":"","_seopress_social_fb_img":"","_seopress_social_fb_img_attachment_id":0,"_seopress_social_fb_img_width":0,"_seopress_social_fb_img_height":0,"_seopress_social_twitter_title":"","_seopress_social_twitter_desc":"","_seopress_social_twitter_img":"","_seopress_social_twitter_img_attachment_id":0,"_seopress_social_twitter_img_width":0,"_seopress_social_twitter_img_height":0,"_seopress_redirections_value":"","_seopress_redirections_enabled":"","_seopress_redirections_enabled_regex":"","_seopress_redirections_logged_status":"","_seopress_redirections_param":"","_seopress_redirections_type":0,"_seopress_analysis_target_kw":"","footnotes":""},"categories":[35,69,61,72],"tags":[],"class_list":["post-545","post","type-post","status-publish","format-standard","has-post-thumbnail","hentry","category-barra-mansa","category-cidades","category-saude","category-ultimas"],"_links":{"self":[{"href":"https:\/\/www.jornalponto.com\/site\/wp-json\/wp\/v2\/posts\/545","targetHints":{"allow":["GET"]}}],"collection":[{"href":"https:\/\/www.jornalponto.com\/site\/wp-json\/wp\/v2\/posts"}],"about":[{"href":"https:\/\/www.jornalponto.com\/site\/wp-json\/wp\/v2\/types\/post"}],"author":[{"embeddable":true,"href":"https:\/\/www.jornalponto.com\/site\/wp-json\/wp\/v2\/users\/1"}],"replies":[{"embeddable":true,"href":"https:\/\/www.jornalponto.com\/site\/wp-json\/wp\/v2\/comments?post=545"}],"version-history":[{"count":1,"href":"https:\/\/www.jornalponto.com\/site\/wp-json\/wp\/v2\/posts\/545\/revisions"}],"predecessor-version":[{"id":547,"href":"https:\/\/www.jornalponto.com\/site\/wp-json\/wp\/v2\/posts\/545\/revisions\/547"}],"wp:featuredmedia":[{"embeddable":true,"href":"https:\/\/www.jornalponto.com\/site\/wp-json\/wp\/v2\/media\/546"}],"wp:attachment":[{"href":"https:\/\/www.jornalponto.com\/site\/wp-json\/wp\/v2\/media?parent=545"}],"wp:term":[{"taxonomy":"category","embeddable":true,"href":"https:\/\/www.jornalponto.com\/site\/wp-json\/wp\/v2\/categories?post=545"},{"taxonomy":"post_tag","embeddable":true,"href":"https:\/\/www.jornalponto.com\/site\/wp-json\/wp\/v2\/tags?post=545"}],"curies":[{"name":"wp","href":"https:\/\/api.w.org\/{rel}","templated":true}]}}